{"id":6853,"date":"2026-04-25T18:46:28","date_gmt":"2026-04-25T16:46:28","guid":{"rendered":"https:\/\/parafiadebewielkie.pl\/?p=6853"},"modified":"2026-04-25T18:47:03","modified_gmt":"2026-04-25T16:47:03","slug":"iv-niedziela-wielkanocna-2","status":"publish","type":"post","link":"https:\/\/parafiadebewielkie.pl\/?p=6853","title":{"rendered":"\u00a0IV\u00a0NIEDZIELA WIELKANOCNA"},"content":{"rendered":"<style type=\"text\/css\"><\/style>\n<p>1.\u00a0Zapraszamy we wtorek 28 kwietnia o godzinie 19.00. na Msz\u0119 \u015aw. z katechez\u0105 dla doros\u0142ych, sprawowan\u0105 w intencji uczestnik\u00f3w i ich rodzin.<\/p>\n\n\n\n<p>2. W Pi\u0105tek 1 maja zapraszamy na pierwsze nabo\u017ce\u0144stwo ku czci Naj\u015bwi\u0119tszej Maryi Panny, kt\u00f3re b\u0119dzie sprawowane zawsze o godz. 17.30. Zachowajmy nasz pi\u0119kny polski zwyczaj nabo\u017ce\u0144stw majowych przy kapliczkach lub krzy\u017cach, aby w litanii wy\u015bpiewa\u0107 nasz\u0105 cze\u015b\u0107 i przywi\u0105zanie do Matki Bo\u017cej. W pi\u0105tek po Mszach \u015bw. o godz. 7.00. i 18.00 nabo\u017ce\u0144stwo do Naj\u015bwi\u0119tszego Serca Pana Jezusa. Po Mszy \u015aw. o godz. 18.00 i nabo\u017ce\u0144stwie rozpocznie si\u0119 ca\u0142onocna adoracja indywidualna w kaplicy Adoracji. Tego dnia odwiedzimy chorych z Komuni\u0105 \u015aw.\u00a0 W pi\u0105tek ze wzgl\u0119du na \u015bwi\u0105teczny charakter dnia, biskup diecezji udziela dyspensy od pi\u0105tkowego postu.\u00a0 \u00a0 3. Dnia 2 maja przypada \u015awi\u0119to Flagi Narodowej, pami\u0119tajmy o jej wywieszeniu tego dnia i 3 maja, przy naszych domach.<\/p>\n\n\n\n<p>3. Poniewa\u017c Uroczysto\u015b\u0107 Naj\u015bwi\u0119tszej Maryi Panny Kr\u00f3lowej Polski zbiega si\u0119 z celebracj\u0105 V Niedzieli Wielkanocnej, jest przeniesiona z 3 maja na sobot\u0119 2 maja. Zapraszamy tego dnia na Uroczyste Msze \u015aw. o godz. 7.00, 10.00. i 18.00.\u00a0 Po Mszy \u015aw. o godz. 7.00. nabo\u017ce\u0144stwo wynagradzaj\u0105ce Niepokalanemu Sercu N.M.P., kt\u00f3re poprowadzi Pluton R\u00f3\u017ca\u0144cowy.<\/p>\n\n\n\n<p>4. \u00a0W przysz\u0142\u0105 niedziel\u0119 po Mszy \u015aw. o godz. 10.30 wystawienie Naj\u015bwi\u0119tszego Sakramentu, r\u00f3\u017caniec i procesja wok\u00f3\u0142 ko\u015bcio\u0142a.<\/p>\n\n\n\n<p>5. \u00a0W przysz\u0142y poniedzia\u0142ek 4 maja obchodzimy wspomnienie \u015bw. Floriana, m\u0119czennika, patrona naszej diecezji. Jest On r\u00f3wnie\u017c patronem wszystkich stra\u017cak\u00f3w. Pami\u0119tajmy w naszych modlitwach o druhnach i druhach z OSP w D\u0119bem Wielkim, kt\u00f3rzy z nara\u017ceniem swego \u017cycia ratuj\u0105 czyje\u015b \u017cycie, mienie i ca\u0142y dobytek. Uroczysta Masza \u015aw. w intencji naszych stra\u017cak\u00f3w, b\u0119dzie sprawowana w przysz\u0142\u0105 niedziel\u0119 o godz.\u00a0 12.00.<\/p>\n\n\n\n<p>6. Organizujemy pielgrzymk\u0119 rowerow\u0105 do Cz\u0119stochowy w dniach 10 \u2013 14 sierpnia. Warto ju\u017c teraz uwzgl\u0119dni\u0107 w swoich planach wakacyjnych czas, aby wzi\u0105\u0107 udzia\u0142 w pielgrzymce. Spotkanie informacyjne odb\u0119dzie si\u0119 10 maja po Mszy \u015bw. wieczornej ok godz. 19.00 w domu parafialnym.<\/p>\n\n\n\n<p>7. Przez Sakrament Chrztu \u015aw. do wsp\u00f3lnoty Ko\u015bcio\u0142a i parafii zostali w\u0142\u0105czeni: Amelia Smolnik, Nadia Karwowska, Adam Maksymilian Laskowski, Filip Kielczyk\u00a0 i\u00a0 Tadeusz Piotr Rola.<\/p>\n\n\n\n<p>8. \u00a0Na progu do wieczno\u015bci po\u017cegnali\u015bmy: \u015aP. Ryszarda\u00a0 Males\u0119. Wieczny odpoczynek.<\/p>\n\n\n\n<p>9. Na dobry tydzie\u0144 przyjmijcie Bo\u017ce B\u0142ogos\u0142awie\u0144stwo.<\/p>\n\n\n\n<p><\/p>\n\n\n\n<p><\/p>\n\n\n\n<p><\/p>\n\n\n\n<p><\/p>\n\n\n\n<p><\/p>\n\n\n\n<p><\/p>\n\n\n\n<p><\/p>\n\n\n\n<p><\/p>\n\n\n\n<p><\/p>\n\n\n\n<p><\/p>\n\n\n\n<p><\/p>\n\n\n\n<p><\/p>\n\n\n\n<p><\/p>\n\n\n\n<p><\/p>\n\n\n\n<p><\/p>\n","protected":false},"excerpt":{"rendered":"<p>1.\u00a0Zapraszamy we wtorek 28 kwietnia o godzinie 19.00. na Msz\u0119 \u015aw. z katechez\u0105 dla doros\u0142ych, sprawowan\u0105 w intencji uczestnik\u00f3w i ich rodzin. 2. W Pi\u0105tek 1 maja zapraszamy na pierwsze nabo\u017ce\u0144stwo ku czci Naj\u015bwi\u0119tszej Maryi Panny, kt\u00f3re b\u0119dzie sprawowane zawsze o godz. 17.30. Zachowajmy nasz pi\u0119kny polski zwyczaj nabo\u017ce\u0144stw majowych przy kapliczkach lub krzy\u017cach, aby&#8230;<\/p>\n","protected":false},"author":5,"featured_media":4908,"comment_status":"closed","ping_status":"open","sticky":false,"template":"","format":"standard","meta":{"_price":"","_stock":"","_tribe_ticket_header":"","_tribe_default_ticket_provider":"","_tribe_ticket_capacity":"0","_ticket_start_date":"","_ticket_end_date":"","_tribe_ticket_show_description":"","_tribe_ticket_show_not_going":false,"_tribe_ticket_use_global_stock":"","_tribe_ticket_global_stock_level":"","_global_stock_mode":"","_global_stock_cap":"","_tribe_rsvp_for_event":"","_tribe_ticket_going_count":"","_tribe_ticket_not_going_count":"","_tribe_tickets_list":"[]","_tribe_ticket_has_attendee_info_fields":false,"footnotes":""},"categories":[17],"tags":[],"class_list":["post-6853","post","type-post","status-publish","format-standard","has-post-thumbnail","hentry","category-ogloszenia-parafialne"],"yoast_head":"<!-- This site is optimized with the Yoast SEO plugin v27.5 - https:\/\/yoast.com\/product\/yoast-seo-wordpress\/ -->\n<title>\u00a0IV\u00a0NIEDZIELA WIELKANOCNA - Parafia \u015awi\u0119tych Aposto\u0142\u00f3w Piotra i Paw\u0142a w D\u0119bem Wielkim<\/title>\n<meta name=\"robots\" content=\"index, follow, max-snippet:-1, max-image-preview:large, max-video-preview:-1\" \/>\n<link rel=\"canonical\" href=\"https:\/\/parafiadebewielkie.pl\/?p=6853\" \/>\n<meta property=\"og:locale\" content=\"pl_PL\" \/>\n<meta property=\"og:type\" content=\"article\" \/>\n<meta property=\"og:title\" content=\"\u00a0IV\u00a0NIEDZIELA WIELKANOCNA - Parafia \u015awi\u0119tych Aposto\u0142\u00f3w Piotra i Paw\u0142a w D\u0119bem Wielkim\" \/>\n<meta property=\"og:description\" content=\"1.\u00a0Zapraszamy we wtorek 28 kwietnia o godzinie 19.00. na Msz\u0119 \u015aw. z katechez\u0105 dla doros\u0142ych, sprawowan\u0105 w intencji uczestnik\u00f3w i ich rodzin. 2. W Pi\u0105tek 1 maja zapraszamy na pierwsze nabo\u017ce\u0144stwo ku czci Naj\u015bwi\u0119tszej Maryi Panny, kt\u00f3re b\u0119dzie sprawowane zawsze o godz. 17.30. Zachowajmy nasz pi\u0119kny polski zwyczaj nabo\u017ce\u0144stw majowych przy kapliczkach lub krzy\u017cach, aby...\" \/>\n<meta property=\"og:url\" content=\"https:\/\/parafiadebewielkie.pl\/?p=6853\" \/>\n<meta property=\"og:site_name\" content=\"Parafia \u015awi\u0119tych Aposto\u0142\u00f3w Piotra i Paw\u0142a w D\u0119bem Wielkim\" \/>\n<meta property=\"article:published_time\" content=\"2026-04-25T16:46:28+00:00\" \/>\n<meta property=\"article:modified_time\" content=\"2026-04-25T16:47:03+00:00\" \/>\n<meta property=\"og:image\" content=\"https:\/\/parafiadebewielkie.pl\/wp-content\/uploads\/2020\/09\/ogloszenia-parafialne.jpg\" \/>\n\t<meta property=\"og:image:width\" content=\"860\" \/>\n\t<meta property=\"og:image:height\" content=\"573\" \/>\n\t<meta property=\"og:image:type\" content=\"image\/jpeg\" \/>\n<meta name=\"author\" content=\"Kamil Szulc\" \/>\n<meta name=\"twitter:card\" content=\"summary_large_image\" \/>\n<meta name=\"twitter:label1\" content=\"Napisane przez\" \/>\n\t<meta name=\"twitter:data1\" content=\"Kamil Szulc\" \/>\n\t<meta name=\"twitter:label2\" content=\"Szacowany czas czytania\" \/>\n\t<meta name=\"twitter:data2\" content=\"3 minuty\" \/>\n<script type=\"application\/ld+json\" class=\"yoast-schema-graph\">{\"@context\":\"https:\\\/\\\/schema.org\",\"@graph\":[{\"@type\":\"NewsArticle\",\"@id\":\"https:\\\/\\\/parafiadebewielkie.pl\\\/?p=6853#article\",\"isPartOf\":{\"@id\":\"https:\\\/\\\/parafiadebewielkie.pl\\\/?p=6853\"},\"author\":{\"name\":\"Kamil Szulc\",\"@id\":\"https:\\\/\\\/parafiadebewielkie.pl\\\/#\\\/schema\\\/person\\\/e15f37792310ef04be322f7704de8dc8\"},\"headline\":\"\u00a0IV\u00a0NIEDZIELA WIELKANOCNA\",\"datePublished\":\"2026-04-25T16:46:28+00:00\",\"dateModified\":\"2026-04-25T16:47:03+00:00\",\"mainEntityOfPage\":{\"@id\":\"https:\\\/\\\/parafiadebewielkie.pl\\\/?p=6853\"},\"wordCount\":399,\"image\":{\"@id\":\"https:\\\/\\\/parafiadebewielkie.pl\\\/?p=6853#primaryimage\"},\"thumbnailUrl\":\"https:\\\/\\\/parafiadebewielkie.pl\\\/wp-content\\\/uploads\\\/2020\\\/09\\\/ogloszenia-parafialne.jpg\",\"articleSection\":[\"Og\u0142oszenia parafialne\"],\"inLanguage\":\"pl-PL\"},{\"@type\":\"WebPage\",\"@id\":\"https:\\\/\\\/parafiadebewielkie.pl\\\/?p=6853\",\"url\":\"https:\\\/\\\/parafiadebewielkie.pl\\\/?p=6853\",\"name\":\"\u00a0IV\u00a0NIEDZIELA WIELKANOCNA - Parafia \u015awi\u0119tych Aposto\u0142\u00f3w Piotra i Paw\u0142a w D\u0119bem Wielkim\",\"isPartOf\":{\"@id\":\"https:\\\/\\\/parafiadebewielkie.pl\\\/#website\"},\"primaryImageOfPage\":{\"@id\":\"https:\\\/\\\/parafiadebewielkie.pl\\\/?p=6853#primaryimage\"},\"image\":{\"@id\":\"https:\\\/\\\/parafiadebewielkie.pl\\\/?p=6853#primaryimage\"},\"thumbnailUrl\":\"https:\\\/\\\/parafiadebewielkie.pl\\\/wp-content\\\/uploads\\\/2020\\\/09\\\/ogloszenia-parafialne.jpg\",\"datePublished\":\"2026-04-25T16:46:28+00:00\",\"dateModified\":\"2026-04-25T16:47:03+00:00\",\"author\":{\"@id\":\"https:\\\/\\\/parafiadebewielkie.pl\\\/#\\\/schema\\\/person\\\/e15f37792310ef04be322f7704de8dc8\"},\"breadcrumb\":{\"@id\":\"https:\\\/\\\/parafiadebewielkie.pl\\\/?p=6853#breadcrumb\"},\"inLanguage\":\"pl-PL\",\"potentialAction\":[{\"@type\":\"ReadAction\",\"target\":[\"https:\\\/\\\/parafiadebewielkie.pl\\\/?p=6853\"]}]},{\"@type\":\"ImageObject\",\"inLanguage\":\"pl-PL\",\"@id\":\"https:\\\/\\\/parafiadebewielkie.pl\\\/?p=6853#primaryimage\",\"url\":\"https:\\\/\\\/parafiadebewielkie.pl\\\/wp-content\\\/uploads\\\/2020\\\/09\\\/ogloszenia-parafialne.jpg\",\"contentUrl\":\"https:\\\/\\\/parafiadebewielkie.pl\\\/wp-content\\\/uploads\\\/2020\\\/09\\\/ogloszenia-parafialne.jpg\",\"width\":860,\"height\":573},{\"@type\":\"BreadcrumbList\",\"@id\":\"https:\\\/\\\/parafiadebewielkie.pl\\\/?p=6853#breadcrumb\",\"itemListElement\":[{\"@type\":\"ListItem\",\"position\":1,\"name\":\"Home\",\"item\":\"https:\\\/\\\/parafiadebewielkie.pl\\\/\"},{\"@type\":\"ListItem\",\"position\":2,\"name\":\"\u00a0IV\u00a0NIEDZIELA WIELKANOCNA\"}]},{\"@type\":\"WebSite\",\"@id\":\"https:\\\/\\\/parafiadebewielkie.pl\\\/#website\",\"url\":\"https:\\\/\\\/parafiadebewielkie.pl\\\/\",\"name\":\"Parafia \u015awi\u0119tych Aposto\u0142\u00f3w Piotra i Paw\u0142a w D\u0119bem Wielkim\",\"description\":\"\",\"potentialAction\":[{\"@type\":\"SearchAction\",\"target\":{\"@type\":\"EntryPoint\",\"urlTemplate\":\"https:\\\/\\\/parafiadebewielkie.pl\\\/?s={search_term_string}\"},\"query-input\":{\"@type\":\"PropertyValueSpecification\",\"valueRequired\":true,\"valueName\":\"search_term_string\"}}],\"inLanguage\":\"pl-PL\"},{\"@type\":\"Person\",\"@id\":\"https:\\\/\\\/parafiadebewielkie.pl\\\/#\\\/schema\\\/person\\\/e15f37792310ef04be322f7704de8dc8\",\"name\":\"Kamil Szulc\",\"image\":{\"@type\":\"ImageObject\",\"inLanguage\":\"pl-PL\",\"@id\":\"https:\\\/\\\/secure.gravatar.com\\\/avatar\\\/bff2ec7ad3e1ed906f7b86774007b09c458cee1d3e5f03e93fdddf4f02799b6b?s=96&d=mm&r=g\",\"url\":\"https:\\\/\\\/secure.gravatar.com\\\/avatar\\\/bff2ec7ad3e1ed906f7b86774007b09c458cee1d3e5f03e93fdddf4f02799b6b?s=96&d=mm&r=g\",\"contentUrl\":\"https:\\\/\\\/secure.gravatar.com\\\/avatar\\\/bff2ec7ad3e1ed906f7b86774007b09c458cee1d3e5f03e93fdddf4f02799b6b?s=96&d=mm&r=g\",\"caption\":\"Kamil Szulc\"},\"url\":\"https:\\\/\\\/parafiadebewielkie.pl\\\/?author=5\"}]}<\/script>\n<!-- \/ Yoast SEO plugin. -->","yoast_head_json":{"title":"\u00a0IV\u00a0NIEDZIELA WIELKANOCNA - Parafia \u015awi\u0119tych Aposto\u0142\u00f3w Piotra i Paw\u0142a w D\u0119bem Wielkim","robots":{"index":"index","follow":"follow","max-snippet":"max-snippet:-1","max-image-preview":"max-image-preview:large","max-video-preview":"max-video-preview:-1"},"canonical":"https:\/\/parafiadebewielkie.pl\/?p=6853","og_locale":"pl_PL","og_type":"article","og_title":"\u00a0IV\u00a0NIEDZIELA WIELKANOCNA - Parafia \u015awi\u0119tych Aposto\u0142\u00f3w Piotra i Paw\u0142a w D\u0119bem Wielkim","og_description":"1.\u00a0Zapraszamy we wtorek 28 kwietnia o godzinie 19.00. na Msz\u0119 \u015aw. z katechez\u0105 dla doros\u0142ych, sprawowan\u0105 w intencji uczestnik\u00f3w i ich rodzin. 2. W Pi\u0105tek 1 maja zapraszamy na pierwsze nabo\u017ce\u0144stwo ku czci Naj\u015bwi\u0119tszej Maryi Panny, kt\u00f3re b\u0119dzie sprawowane zawsze o godz. 17.30. Zachowajmy nasz pi\u0119kny polski zwyczaj nabo\u017ce\u0144stw majowych przy kapliczkach lub krzy\u017cach, aby...","og_url":"https:\/\/parafiadebewielkie.pl\/?p=6853","og_site_name":"Parafia \u015awi\u0119tych Aposto\u0142\u00f3w Piotra i Paw\u0142a w D\u0119bem Wielkim","article_published_time":"2026-04-25T16:46:28+00:00","article_modified_time":"2026-04-25T16:47:03+00:00","og_image":[{"width":860,"height":573,"url":"https:\/\/parafiadebewielkie.pl\/wp-content\/uploads\/2020\/09\/ogloszenia-parafialne.jpg","type":"image\/jpeg"}],"author":"Kamil Szulc","twitter_card":"summary_large_image","twitter_misc":{"Napisane przez":"Kamil Szulc","Szacowany czas czytania":"3 minuty"},"schema":{"@context":"https:\/\/schema.org","@graph":[{"@type":"NewsArticle","@id":"https:\/\/parafiadebewielkie.pl\/?p=6853#article","isPartOf":{"@id":"https:\/\/parafiadebewielkie.pl\/?p=6853"},"author":{"name":"Kamil Szulc","@id":"https:\/\/parafiadebewielkie.pl\/#\/schema\/person\/e15f37792310ef04be322f7704de8dc8"},"headline":"\u00a0IV\u00a0NIEDZIELA WIELKANOCNA","datePublished":"2026-04-25T16:46:28+00:00","dateModified":"2026-04-25T16:47:03+00:00","mainEntityOfPage":{"@id":"https:\/\/parafiadebewielkie.pl\/?p=6853"},"wordCount":399,"image":{"@id":"https:\/\/parafiadebewielkie.pl\/?p=6853#primaryimage"},"thumbnailUrl":"https:\/\/parafiadebewielkie.pl\/wp-content\/uploads\/2020\/09\/ogloszenia-parafialne.jpg","articleSection":["Og\u0142oszenia parafialne"],"inLanguage":"pl-PL"},{"@type":"WebPage","@id":"https:\/\/parafiadebewielkie.pl\/?p=6853","url":"https:\/\/parafiadebewielkie.pl\/?p=6853","name":"\u00a0IV\u00a0NIEDZIELA WIELKANOCNA - Parafia \u015awi\u0119tych Aposto\u0142\u00f3w Piotra i Paw\u0142a w D\u0119bem Wielkim","isPartOf":{"@id":"https:\/\/parafiadebewielkie.pl\/#website"},"primaryImageOfPage":{"@id":"https:\/\/parafiadebewielkie.pl\/?p=6853#primaryimage"},"image":{"@id":"https:\/\/parafiadebewielkie.pl\/?p=6853#primaryimage"},"thumbnailUrl":"https:\/\/parafiadebewielkie.pl\/wp-content\/uploads\/2020\/09\/ogloszenia-parafialne.jpg","datePublished":"2026-04-25T16:46:28+00:00","dateModified":"2026-04-25T16:47:03+00:00","author":{"@id":"https:\/\/parafiadebewielkie.pl\/#\/schema\/person\/e15f37792310ef04be322f7704de8dc8"},"breadcrumb":{"@id":"https:\/\/parafiadebewielkie.pl\/?p=6853#breadcrumb"},"inLanguage":"pl-PL","potentialAction":[{"@type":"ReadAction","target":["https:\/\/parafiadebewielkie.pl\/?p=6853"]}]},{"@type":"ImageObject","inLanguage":"pl-PL","@id":"https:\/\/parafiadebewielkie.pl\/?p=6853#primaryimage","url":"https:\/\/parafiadebewielkie.pl\/wp-content\/uploads\/2020\/09\/ogloszenia-parafialne.jpg","contentUrl":"https:\/\/parafiadebewielkie.pl\/wp-content\/uploads\/2020\/09\/ogloszenia-parafialne.jpg","width":860,"height":573},{"@type":"BreadcrumbList","@id":"https:\/\/parafiadebewielkie.pl\/?p=6853#breadcrumb","itemListElement":[{"@type":"ListItem","position":1,"name":"Home","item":"https:\/\/parafiadebewielkie.pl\/"},{"@type":"ListItem","position":2,"name":"\u00a0IV\u00a0NIEDZIELA WIELKANOCNA"}]},{"@type":"WebSite","@id":"https:\/\/parafiadebewielkie.pl\/#website","url":"https:\/\/parafiadebewielkie.pl\/","name":"Parafia \u015awi\u0119tych Aposto\u0142\u00f3w Piotra i Paw\u0142a w D\u0119bem Wielkim","description":"","potentialAction":[{"@type":"SearchAction","target":{"@type":"EntryPoint","urlTemplate":"https:\/\/parafiadebewielkie.pl\/?s={search_term_string}"},"query-input":{"@type":"PropertyValueSpecification","valueRequired":true,"valueName":"search_term_string"}}],"inLanguage":"pl-PL"},{"@type":"Person","@id":"https:\/\/parafiadebewielkie.pl\/#\/schema\/person\/e15f37792310ef04be322f7704de8dc8","name":"Kamil Szulc","image":{"@type":"ImageObject","inLanguage":"pl-PL","@id":"https:\/\/secure.gravatar.com\/avatar\/bff2ec7ad3e1ed906f7b86774007b09c458cee1d3e5f03e93fdddf4f02799b6b?s=96&d=mm&r=g","url":"https:\/\/secure.gravatar.com\/avatar\/bff2ec7ad3e1ed906f7b86774007b09c458cee1d3e5f03e93fdddf4f02799b6b?s=96&d=mm&r=g","contentUrl":"https:\/\/secure.gravatar.com\/avatar\/bff2ec7ad3e1ed906f7b86774007b09c458cee1d3e5f03e93fdddf4f02799b6b?s=96&d=mm&r=g","caption":"Kamil Szulc"},"url":"https:\/\/parafiadebewielkie.pl\/?author=5"}]}},"_links":{"self":[{"href":"https:\/\/parafiadebewielkie.pl\/index.php?rest_route=\/wp\/v2\/posts\/6853","targetHints":{"allow":["GET"]}}],"collection":[{"href":"https:\/\/parafiadebewielkie.pl\/index.php?rest_route=\/wp\/v2\/posts"}],"about":[{"href":"https:\/\/parafiadebewielkie.pl\/index.php?rest_route=\/wp\/v2\/types\/post"}],"author":[{"embeddable":true,"href":"https:\/\/parafiadebewielkie.pl\/index.php?rest_route=\/wp\/v2\/users\/5"}],"replies":[{"embeddable":true,"href":"https:\/\/parafiadebewielkie.pl\/index.php?rest_route=%2Fwp%2Fv2%2Fcomments&post=6853"}],"version-history":[{"count":2,"href":"https:\/\/parafiadebewielkie.pl\/index.php?rest_route=\/wp\/v2\/posts\/6853\/revisions"}],"predecessor-version":[{"id":6855,"href":"https:\/\/parafiadebewielkie.pl\/index.php?rest_route=\/wp\/v2\/posts\/6853\/revisions\/6855"}],"wp:featuredmedia":[{"embeddable":true,"href":"https:\/\/parafiadebewielkie.pl\/index.php?rest_route=\/wp\/v2\/media\/4908"}],"wp:attachment":[{"href":"https:\/\/parafiadebewielkie.pl\/index.php?rest_route=%2Fwp%2Fv2%2Fmedia&parent=6853"}],"wp:term":[{"taxonomy":"category","embeddable":true,"href":"https:\/\/parafiadebewielkie.pl\/index.php?rest_route=%2Fwp%2Fv2%2Fcategories&post=6853"},{"taxonomy":"post_tag","embeddable":true,"href":"https:\/\/parafiadebewielkie.pl\/index.php?rest_route=%2Fwp%2Fv2%2Ftags&post=6853"}],"curies":[{"name":"wp","href":"https:\/\/api.w.org\/{rel}","templated":true}]}}