{"id":6849,"date":"2026-04-18T18:58:41","date_gmt":"2026-04-18T16:58:41","guid":{"rendered":"https:\/\/parafiadebewielkie.pl\/?p=6849"},"modified":"2026-04-18T18:58:42","modified_gmt":"2026-04-18T16:58:42","slug":"iii-niedziela-wielkanocna-2","status":"publish","type":"post","link":"https:\/\/parafiadebewielkie.pl\/?p=6849","title":{"rendered":"\u00a0III\u00a0NIEDZIELA WIELKANOCNA"},"content":{"rendered":"<style type=\"text\/css\"><\/style>\n<p>1.\u00a0Dzisiaj rozpoczynamy XVIII Og\u00f3lnopolski Tydzie\u0144 Biblijny pod has\u0142em:\u00a0 \u201eOdwa\u017cnie g\u0142osi\u0107 Ewangeli\u0119\u201d. Rozpoczyna go Narodowe czytanie Pisma \u015aw. Zach\u0119camy do pobrania fragment\u00f3w S\u0142owa Bo\u017cego wystawionych na stoliku pod ch\u00f3rem i do rozwa\u017cania S\u0142owa, kt\u00f3re B\u00f3g kieruje do nas.<\/p>\n\n\n\n<p>2. Dzisiaj nasza \u201eNiedziela Chleba\u201d. Prosimy pobra\u0107 po\u015bwi\u0119cony chleb i bu\u0142k\u0119,\u00a0 ofiary sk\u0142adane, zostan\u0105 przekazany na zakup lek\u00f3w dla najbardziej potrzebuj\u0105cych z naszej parafii.<\/p>\n\n\n\n<p>3. W czwartek 23 kwietnia przypada uroczysto\u015b\u0107 \u015aw. Wojciecha Biskupa i M\u0119czennika, g\u0142\u00f3wnego patrona Polski, a w sobot\u0119 25 kwietnia obchodzimy \u015bwi\u0119to \u015aw. Marka Ewangelisty.<\/p>\n\n\n\n<p>4. \u00a0Przez Sakrament Chrztu \u015aw. do wsp\u00f3lnoty Ko\u015bcio\u0142a i parafii zosta\u0142y w\u0142\u0105czone:\u00a0 Adrianna Jolanta Pawlak, Iga Niedzia\u0142ek i Oliwia Jackiewicz.<\/p>\n\n\n\n<p>5. \u00a0Na progu do wieczno\u015bci po\u017cegnali\u015bmy: \u015aP. Waldemara Rosmana.<\/p>\n\n\n\n<p>6. Na dobry tydzie\u0144 przyjmijcie Bo\u017ce B\u0142ogos\u0142awie\u0144stwo.<\/p>\n\n\n\n<p><\/p>\n\n\n\n<p><\/p>\n\n\n\n<p><\/p>\n\n\n\n<p><\/p>\n\n\n\n<p><\/p>\n\n\n\n<p><\/p>\n\n\n\n<p><\/p>\n\n\n\n<p><\/p>\n\n\n\n<p><\/p>\n\n\n\n<p><\/p>\n\n\n\n<p><\/p>\n\n\n\n<p><\/p>\n\n\n\n<p><\/p>\n\n\n\n<p><\/p>\n\n\n\n<p><\/p>\n","protected":false},"excerpt":{"rendered":"<p>1.\u00a0Dzisiaj rozpoczynamy XVIII Og\u00f3lnopolski Tydzie\u0144 Biblijny pod has\u0142em:\u00a0 \u201eOdwa\u017cnie g\u0142osi\u0107 Ewangeli\u0119\u201d. Rozpoczyna go Narodowe czytanie Pisma \u015aw. Zach\u0119camy do pobrania fragment\u00f3w S\u0142owa Bo\u017cego wystawionych na stoliku pod ch\u00f3rem i do rozwa\u017cania S\u0142owa, kt\u00f3re B\u00f3g kieruje do nas. 2. Dzisiaj nasza \u201eNiedziela Chleba\u201d. Prosimy pobra\u0107 po\u015bwi\u0119cony chleb i bu\u0142k\u0119,\u00a0 ofiary sk\u0142adane, zostan\u0105 przekazany na zakup lek\u00f3w&#8230;<\/p>\n","protected":false},"author":5,"featured_media":4908,"comment_status":"closed","ping_status":"open","sticky":false,"template":"","format":"standard","meta":{"_price":"","_stock":"","_tribe_ticket_header":"","_tribe_default_ticket_provider":"","_tribe_ticket_capacity":"0","_ticket_start_date":"","_ticket_end_date":"","_tribe_ticket_show_description":"","_tribe_ticket_show_not_going":false,"_tribe_ticket_use_global_stock":"","_tribe_ticket_global_stock_level":"","_global_stock_mode":"","_global_stock_cap":"","_tribe_rsvp_for_event":"","_tribe_ticket_going_count":"","_tribe_ticket_not_going_count":"","_tribe_tickets_list":"[]","_tribe_ticket_has_attendee_info_fields":false,"footnotes":""},"categories":[17],"tags":[],"class_list":["post-6849","post","type-post","status-publish","format-standard","has-post-thumbnail","hentry","category-ogloszenia-parafialne"],"yoast_head":"<!-- This site is optimized with the Yoast SEO plugin v27.5 - https:\/\/yoast.com\/product\/yoast-seo-wordpress\/ -->\n<title>\u00a0III\u00a0NIEDZIELA WIELKANOCNA - Parafia \u015awi\u0119tych Aposto\u0142\u00f3w Piotra i Paw\u0142a w D\u0119bem Wielkim<\/title>\n<meta name=\"robots\" content=\"index, follow, max-snippet:-1, max-image-preview:large, max-video-preview:-1\" \/>\n<link rel=\"canonical\" href=\"https:\/\/parafiadebewielkie.pl\/?p=6849\" \/>\n<meta property=\"og:locale\" content=\"pl_PL\" \/>\n<meta property=\"og:type\" content=\"article\" \/>\n<meta property=\"og:title\" content=\"\u00a0III\u00a0NIEDZIELA WIELKANOCNA - Parafia \u015awi\u0119tych Aposto\u0142\u00f3w Piotra i Paw\u0142a w D\u0119bem Wielkim\" \/>\n<meta property=\"og:description\" content=\"1.\u00a0Dzisiaj rozpoczynamy XVIII Og\u00f3lnopolski Tydzie\u0144 Biblijny pod has\u0142em:\u00a0 \u201eOdwa\u017cnie g\u0142osi\u0107 Ewangeli\u0119\u201d. Rozpoczyna go Narodowe czytanie Pisma \u015aw. Zach\u0119camy do pobrania fragment\u00f3w S\u0142owa Bo\u017cego wystawionych na stoliku pod ch\u00f3rem i do rozwa\u017cania S\u0142owa, kt\u00f3re B\u00f3g kieruje do nas. 2. Dzisiaj nasza \u201eNiedziela Chleba\u201d. Prosimy pobra\u0107 po\u015bwi\u0119cony chleb i bu\u0142k\u0119,\u00a0 ofiary sk\u0142adane, zostan\u0105 przekazany na zakup lek\u00f3w...\" \/>\n<meta property=\"og:url\" content=\"https:\/\/parafiadebewielkie.pl\/?p=6849\" \/>\n<meta property=\"og:site_name\" content=\"Parafia \u015awi\u0119tych Aposto\u0142\u00f3w Piotra i Paw\u0142a w D\u0119bem Wielkim\" \/>\n<meta property=\"article:published_time\" content=\"2026-04-18T16:58:41+00:00\" \/>\n<meta property=\"article:modified_time\" content=\"2026-04-18T16:58:42+00:00\" \/>\n<meta property=\"og:image\" content=\"https:\/\/parafiadebewielkie.pl\/wp-content\/uploads\/2020\/09\/ogloszenia-parafialne.jpg\" \/>\n\t<meta property=\"og:image:width\" content=\"860\" \/>\n\t<meta property=\"og:image:height\" content=\"573\" \/>\n\t<meta property=\"og:image:type\" content=\"image\/jpeg\" \/>\n<meta name=\"author\" content=\"Kamil Szulc\" \/>\n<meta name=\"twitter:card\" content=\"summary_large_image\" \/>\n<meta name=\"twitter:label1\" content=\"Napisane przez\" \/>\n\t<meta name=\"twitter:data1\" content=\"Kamil Szulc\" \/>\n\t<meta name=\"twitter:label2\" content=\"Szacowany czas czytania\" \/>\n\t<meta name=\"twitter:data2\" content=\"1 minuta\" \/>\n<script type=\"application\/ld+json\" class=\"yoast-schema-graph\">{\"@context\":\"https:\\\/\\\/schema.org\",\"@graph\":[{\"@type\":\"NewsArticle\",\"@id\":\"https:\\\/\\\/parafiadebewielkie.pl\\\/?p=6849#article\",\"isPartOf\":{\"@id\":\"https:\\\/\\\/parafiadebewielkie.pl\\\/?p=6849\"},\"author\":{\"name\":\"Kamil Szulc\",\"@id\":\"https:\\\/\\\/parafiadebewielkie.pl\\\/#\\\/schema\\\/person\\\/e15f37792310ef04be322f7704de8dc8\"},\"headline\":\"\u00a0III\u00a0NIEDZIELA WIELKANOCNA\",\"datePublished\":\"2026-04-18T16:58:41+00:00\",\"dateModified\":\"2026-04-18T16:58:42+00:00\",\"mainEntityOfPage\":{\"@id\":\"https:\\\/\\\/parafiadebewielkie.pl\\\/?p=6849\"},\"wordCount\":153,\"image\":{\"@id\":\"https:\\\/\\\/parafiadebewielkie.pl\\\/?p=6849#primaryimage\"},\"thumbnailUrl\":\"https:\\\/\\\/parafiadebewielkie.pl\\\/wp-content\\\/uploads\\\/2020\\\/09\\\/ogloszenia-parafialne.jpg\",\"articleSection\":[\"Og\u0142oszenia parafialne\"],\"inLanguage\":\"pl-PL\"},{\"@type\":\"WebPage\",\"@id\":\"https:\\\/\\\/parafiadebewielkie.pl\\\/?p=6849\",\"url\":\"https:\\\/\\\/parafiadebewielkie.pl\\\/?p=6849\",\"name\":\"\u00a0III\u00a0NIEDZIELA WIELKANOCNA - Parafia \u015awi\u0119tych Aposto\u0142\u00f3w Piotra i Paw\u0142a w D\u0119bem Wielkim\",\"isPartOf\":{\"@id\":\"https:\\\/\\\/parafiadebewielkie.pl\\\/#website\"},\"primaryImageOfPage\":{\"@id\":\"https:\\\/\\\/parafiadebewielkie.pl\\\/?p=6849#primaryimage\"},\"image\":{\"@id\":\"https:\\\/\\\/parafiadebewielkie.pl\\\/?p=6849#primaryimage\"},\"thumbnailUrl\":\"https:\\\/\\\/parafiadebewielkie.pl\\\/wp-content\\\/uploads\\\/2020\\\/09\\\/ogloszenia-parafialne.jpg\",\"datePublished\":\"2026-04-18T16:58:41+00:00\",\"dateModified\":\"2026-04-18T16:58:42+00:00\",\"author\":{\"@id\":\"https:\\\/\\\/parafiadebewielkie.pl\\\/#\\\/schema\\\/person\\\/e15f37792310ef04be322f7704de8dc8\"},\"breadcrumb\":{\"@id\":\"https:\\\/\\\/parafiadebewielkie.pl\\\/?p=6849#breadcrumb\"},\"inLanguage\":\"pl-PL\",\"potentialAction\":[{\"@type\":\"ReadAction\",\"target\":[\"https:\\\/\\\/parafiadebewielkie.pl\\\/?p=6849\"]}]},{\"@type\":\"ImageObject\",\"inLanguage\":\"pl-PL\",\"@id\":\"https:\\\/\\\/parafiadebewielkie.pl\\\/?p=6849#primaryimage\",\"url\":\"https:\\\/\\\/parafiadebewielkie.pl\\\/wp-content\\\/uploads\\\/2020\\\/09\\\/ogloszenia-parafialne.jpg\",\"contentUrl\":\"https:\\\/\\\/parafiadebewielkie.pl\\\/wp-content\\\/uploads\\\/2020\\\/09\\\/ogloszenia-parafialne.jpg\",\"width\":860,\"height\":573},{\"@type\":\"BreadcrumbList\",\"@id\":\"https:\\\/\\\/parafiadebewielkie.pl\\\/?p=6849#breadcrumb\",\"itemListElement\":[{\"@type\":\"ListItem\",\"position\":1,\"name\":\"Home\",\"item\":\"https:\\\/\\\/parafiadebewielkie.pl\\\/\"},{\"@type\":\"ListItem\",\"position\":2,\"name\":\"\u00a0III\u00a0NIEDZIELA WIELKANOCNA\"}]},{\"@type\":\"WebSite\",\"@id\":\"https:\\\/\\\/parafiadebewielkie.pl\\\/#website\",\"url\":\"https:\\\/\\\/parafiadebewielkie.pl\\\/\",\"name\":\"Parafia \u015awi\u0119tych Aposto\u0142\u00f3w Piotra i Paw\u0142a w D\u0119bem Wielkim\",\"description\":\"\",\"potentialAction\":[{\"@type\":\"SearchAction\",\"target\":{\"@type\":\"EntryPoint\",\"urlTemplate\":\"https:\\\/\\\/parafiadebewielkie.pl\\\/?s={search_term_string}\"},\"query-input\":{\"@type\":\"PropertyValueSpecification\",\"valueRequired\":true,\"valueName\":\"search_term_string\"}}],\"inLanguage\":\"pl-PL\"},{\"@type\":\"Person\",\"@id\":\"https:\\\/\\\/parafiadebewielkie.pl\\\/#\\\/schema\\\/person\\\/e15f37792310ef04be322f7704de8dc8\",\"name\":\"Kamil Szulc\",\"image\":{\"@type\":\"ImageObject\",\"inLanguage\":\"pl-PL\",\"@id\":\"https:\\\/\\\/secure.gravatar.com\\\/avatar\\\/bff2ec7ad3e1ed906f7b86774007b09c458cee1d3e5f03e93fdddf4f02799b6b?s=96&d=mm&r=g\",\"url\":\"https:\\\/\\\/secure.gravatar.com\\\/avatar\\\/bff2ec7ad3e1ed906f7b86774007b09c458cee1d3e5f03e93fdddf4f02799b6b?s=96&d=mm&r=g\",\"contentUrl\":\"https:\\\/\\\/secure.gravatar.com\\\/avatar\\\/bff2ec7ad3e1ed906f7b86774007b09c458cee1d3e5f03e93fdddf4f02799b6b?s=96&d=mm&r=g\",\"caption\":\"Kamil Szulc\"},\"url\":\"https:\\\/\\\/parafiadebewielkie.pl\\\/?author=5\"}]}<\/script>\n<!-- \/ Yoast SEO plugin. -->","yoast_head_json":{"title":"\u00a0III\u00a0NIEDZIELA WIELKANOCNA - Parafia \u015awi\u0119tych Aposto\u0142\u00f3w Piotra i Paw\u0142a w D\u0119bem Wielkim","robots":{"index":"index","follow":"follow","max-snippet":"max-snippet:-1","max-image-preview":"max-image-preview:large","max-video-preview":"max-video-preview:-1"},"canonical":"https:\/\/parafiadebewielkie.pl\/?p=6849","og_locale":"pl_PL","og_type":"article","og_title":"\u00a0III\u00a0NIEDZIELA WIELKANOCNA - Parafia \u015awi\u0119tych Aposto\u0142\u00f3w Piotra i Paw\u0142a w D\u0119bem Wielkim","og_description":"1.\u00a0Dzisiaj rozpoczynamy XVIII Og\u00f3lnopolski Tydzie\u0144 Biblijny pod has\u0142em:\u00a0 \u201eOdwa\u017cnie g\u0142osi\u0107 Ewangeli\u0119\u201d. Rozpoczyna go Narodowe czytanie Pisma \u015aw. Zach\u0119camy do pobrania fragment\u00f3w S\u0142owa Bo\u017cego wystawionych na stoliku pod ch\u00f3rem i do rozwa\u017cania S\u0142owa, kt\u00f3re B\u00f3g kieruje do nas. 2. Dzisiaj nasza \u201eNiedziela Chleba\u201d. Prosimy pobra\u0107 po\u015bwi\u0119cony chleb i bu\u0142k\u0119,\u00a0 ofiary sk\u0142adane, zostan\u0105 przekazany na zakup lek\u00f3w...","og_url":"https:\/\/parafiadebewielkie.pl\/?p=6849","og_site_name":"Parafia \u015awi\u0119tych Aposto\u0142\u00f3w Piotra i Paw\u0142a w D\u0119bem Wielkim","article_published_time":"2026-04-18T16:58:41+00:00","article_modified_time":"2026-04-18T16:58:42+00:00","og_image":[{"width":860,"height":573,"url":"https:\/\/parafiadebewielkie.pl\/wp-content\/uploads\/2020\/09\/ogloszenia-parafialne.jpg","type":"image\/jpeg"}],"author":"Kamil Szulc","twitter_card":"summary_large_image","twitter_misc":{"Napisane przez":"Kamil Szulc","Szacowany czas czytania":"1 minuta"},"schema":{"@context":"https:\/\/schema.org","@graph":[{"@type":"NewsArticle","@id":"https:\/\/parafiadebewielkie.pl\/?p=6849#article","isPartOf":{"@id":"https:\/\/parafiadebewielkie.pl\/?p=6849"},"author":{"name":"Kamil Szulc","@id":"https:\/\/parafiadebewielkie.pl\/#\/schema\/person\/e15f37792310ef04be322f7704de8dc8"},"headline":"\u00a0III\u00a0NIEDZIELA WIELKANOCNA","datePublished":"2026-04-18T16:58:41+00:00","dateModified":"2026-04-18T16:58:42+00:00","mainEntityOfPage":{"@id":"https:\/\/parafiadebewielkie.pl\/?p=6849"},"wordCount":153,"image":{"@id":"https:\/\/parafiadebewielkie.pl\/?p=6849#primaryimage"},"thumbnailUrl":"https:\/\/parafiadebewielkie.pl\/wp-content\/uploads\/2020\/09\/ogloszenia-parafialne.jpg","articleSection":["Og\u0142oszenia parafialne"],"inLanguage":"pl-PL"},{"@type":"WebPage","@id":"https:\/\/parafiadebewielkie.pl\/?p=6849","url":"https:\/\/parafiadebewielkie.pl\/?p=6849","name":"\u00a0III\u00a0NIEDZIELA WIELKANOCNA - Parafia \u015awi\u0119tych Aposto\u0142\u00f3w Piotra i Paw\u0142a w D\u0119bem Wielkim","isPartOf":{"@id":"https:\/\/parafiadebewielkie.pl\/#website"},"primaryImageOfPage":{"@id":"https:\/\/parafiadebewielkie.pl\/?p=6849#primaryimage"},"image":{"@id":"https:\/\/parafiadebewielkie.pl\/?p=6849#primaryimage"},"thumbnailUrl":"https:\/\/parafiadebewielkie.pl\/wp-content\/uploads\/2020\/09\/ogloszenia-parafialne.jpg","datePublished":"2026-04-18T16:58:41+00:00","dateModified":"2026-04-18T16:58:42+00:00","author":{"@id":"https:\/\/parafiadebewielkie.pl\/#\/schema\/person\/e15f37792310ef04be322f7704de8dc8"},"breadcrumb":{"@id":"https:\/\/parafiadebewielkie.pl\/?p=6849#breadcrumb"},"inLanguage":"pl-PL","potentialAction":[{"@type":"ReadAction","target":["https:\/\/parafiadebewielkie.pl\/?p=6849"]}]},{"@type":"ImageObject","inLanguage":"pl-PL","@id":"https:\/\/parafiadebewielkie.pl\/?p=6849#primaryimage","url":"https:\/\/parafiadebewielkie.pl\/wp-content\/uploads\/2020\/09\/ogloszenia-parafialne.jpg","contentUrl":"https:\/\/parafiadebewielkie.pl\/wp-content\/uploads\/2020\/09\/ogloszenia-parafialne.jpg","width":860,"height":573},{"@type":"BreadcrumbList","@id":"https:\/\/parafiadebewielkie.pl\/?p=6849#breadcrumb","itemListElement":[{"@type":"ListItem","position":1,"name":"Home","item":"https:\/\/parafiadebewielkie.pl\/"},{"@type":"ListItem","position":2,"name":"\u00a0III\u00a0NIEDZIELA WIELKANOCNA"}]},{"@type":"WebSite","@id":"https:\/\/parafiadebewielkie.pl\/#website","url":"https:\/\/parafiadebewielkie.pl\/","name":"Parafia \u015awi\u0119tych Aposto\u0142\u00f3w Piotra i Paw\u0142a w D\u0119bem Wielkim","description":"","potentialAction":[{"@type":"SearchAction","target":{"@type":"EntryPoint","urlTemplate":"https:\/\/parafiadebewielkie.pl\/?s={search_term_string}"},"query-input":{"@type":"PropertyValueSpecification","valueRequired":true,"valueName":"search_term_string"}}],"inLanguage":"pl-PL"},{"@type":"Person","@id":"https:\/\/parafiadebewielkie.pl\/#\/schema\/person\/e15f37792310ef04be322f7704de8dc8","name":"Kamil Szulc","image":{"@type":"ImageObject","inLanguage":"pl-PL","@id":"https:\/\/secure.gravatar.com\/avatar\/bff2ec7ad3e1ed906f7b86774007b09c458cee1d3e5f03e93fdddf4f02799b6b?s=96&d=mm&r=g","url":"https:\/\/secure.gravatar.com\/avatar\/bff2ec7ad3e1ed906f7b86774007b09c458cee1d3e5f03e93fdddf4f02799b6b?s=96&d=mm&r=g","contentUrl":"https:\/\/secure.gravatar.com\/avatar\/bff2ec7ad3e1ed906f7b86774007b09c458cee1d3e5f03e93fdddf4f02799b6b?s=96&d=mm&r=g","caption":"Kamil Szulc"},"url":"https:\/\/parafiadebewielkie.pl\/?author=5"}]}},"_links":{"self":[{"href":"https:\/\/parafiadebewielkie.pl\/index.php?rest_route=\/wp\/v2\/posts\/6849","targetHints":{"allow":["GET"]}}],"collection":[{"href":"https:\/\/parafiadebewielkie.pl\/index.php?rest_route=\/wp\/v2\/posts"}],"about":[{"href":"https:\/\/parafiadebewielkie.pl\/index.php?rest_route=\/wp\/v2\/types\/post"}],"author":[{"embeddable":true,"href":"https:\/\/parafiadebewielkie.pl\/index.php?rest_route=\/wp\/v2\/users\/5"}],"replies":[{"embeddable":true,"href":"https:\/\/parafiadebewielkie.pl\/index.php?rest_route=%2Fwp%2Fv2%2Fcomments&post=6849"}],"version-history":[{"count":1,"href":"https:\/\/parafiadebewielkie.pl\/index.php?rest_route=\/wp\/v2\/posts\/6849\/revisions"}],"predecessor-version":[{"id":6850,"href":"https:\/\/parafiadebewielkie.pl\/index.php?rest_route=\/wp\/v2\/posts\/6849\/revisions\/6850"}],"wp:featuredmedia":[{"embeddable":true,"href":"https:\/\/parafiadebewielkie.pl\/index.php?rest_route=\/wp\/v2\/media\/4908"}],"wp:attachment":[{"href":"https:\/\/parafiadebewielkie.pl\/index.php?rest_route=%2Fwp%2Fv2%2Fmedia&parent=6849"}],"wp:term":[{"taxonomy":"category","embeddable":true,"href":"https:\/\/parafiadebewielkie.pl\/index.php?rest_route=%2Fwp%2Fv2%2Fcategories&post=6849"},{"taxonomy":"post_tag","embeddable":true,"href":"https:\/\/parafiadebewielkie.pl\/index.php?rest_route=%2Fwp%2Fv2%2Ftags&post=6849"}],"curies":[{"name":"wp","href":"https:\/\/api.w.org\/{rel}","templated":true}]}}