{"id":5955,"date":"2022-08-27T07:28:00","date_gmt":"2022-08-27T05:28:00","guid":{"rendered":"https:\/\/parafiadebewielkie.pl\/?p=5955"},"modified":"2022-08-27T16:32:16","modified_gmt":"2022-08-27T14:32:16","slug":"22-niedziela-zwykla","status":"publish","type":"post","link":"https:\/\/parafiadebewielkie.pl\/?p=5955","title":{"rendered":"22 NIEDZIELA\u00a0 ZWYK\u0141A"},"content":{"rendered":"<style type=\"text\/css\"><\/style>\n<p class=\"wp-block-paragraph\">1. &nbsp;W czwartek 1 wrze\u015bnia rozpocznie si\u0119 nowy rok szkolny. Zapraszamy tego dnia na Msz\u0119 \u015aw. sprawowan\u0105 o godz. 8.00 w intencji Dyrekcji, Rady Pedagogicznej, pracownik\u00f3w, Szko\u0142y Podstawowej i Liceum Mundurowego oraz dzieci, m\u0142odzie\u017cy i rodzic\u00f3w, aby prosi\u0107 Dobrego Boga o B\u0142ogos\u0142awie\u0144stwo i pomy\u015blno\u015b\u0107 na ten nowy rok nauki i pracy.<\/p>\n\n\n\n<p class=\"wp-block-paragraph\">2.&nbsp; Informujemy r\u00f3wnie\u017c, \u017ce od przysz\u0142ej niedzieli Msza \u015aw. o godz. 10.30 b\u0119dzie przeznaczona szczeg\u00f3lnie dla dzieci, kt\u00f3re b\u0119dziemy gromadzi\u0107 przy o\u0142tarzu.<\/p>\n\n\n\n<p class=\"wp-block-paragraph\">3. Dnia 2 wrze\u015bnia w I pi\u0105tek miesi\u0105ca po Mszy \u015aw. o godzinie 7.00 i 18.00 nabo\u017ce\u0144stwo do Naj\u015bwi\u0119tszego Serca Pana Jezusa. Po Mszy \u015aw. o godz. 18.00 i nabo\u017ce\u0144stwie rozpocznie si\u0119 ca\u0142onocna adoracja indywidualna w kaplicy adoracji. Tego dnia odwiedzimy chorych z Komuni\u0105 \u015aw.&nbsp;<\/p>\n\n\n\n<p class=\"wp-block-paragraph\">4. W sobot\u0119 dnia 3 wrze\u015bnia po Mszy \u015aw. o godz. 7.00 nabo\u017ce\u0144stwo wynagradzaj\u0105ce Niepokalanemu Sercu Maryi, kt\u00f3re poprowadzi Pluton R\u00f3\u017ca\u0144cowy.&nbsp;<\/p>\n\n\n\n<p class=\"wp-block-paragraph\">5.&nbsp; Zapraszamy przedstawicieli Rady Parafialnej na spotkanie duszpasterskie, kt\u00f3re odb\u0119dzie si\u0119 w sobot\u0119 3 wrze\u015bnia o godz. 14.00 na plebanii.<\/p>\n\n\n\n<p class=\"wp-block-paragraph\">6.&nbsp; W przysz\u0142\u0105 niedziel\u0119 po Mszy \u015aw. o godz. 10.30 wystawienie Naj\u015bwi\u0119tszego Sakramentu, r\u00f3\u017caniec i procesja wok\u00f3\u0142 ko\u015bcio\u0142a. Na Mszy \u015aw. o godz. 12.00 odb\u0119d\u0105 si\u0119 nasze Do\u017cynki Parafialne, jako dzi\u0119kczynienie Panu Bogu za tegoroczne plony p\u00f3l, sad\u00f3w i ogrod\u00f3w. Przygotowane wie\u0144ce do\u017cynkowe z ka\u017cdej miejscowo\u015bci, prosimy przynie\u015b\u0107 wcze\u015bniej na godz. 11.30, aby w\u0142\u0105czy\u0107 si\u0119 do procesji eucharystycznej.<\/p>\n\n\n\n<p class=\"wp-block-paragraph\">7.&nbsp; Nasza Parafialna Pielgrzymka autokarowa na Jasn\u0105 G\u00f3r\u0119 dnia 1 wrze\u015bnia wyruszy z ko\u015bcio\u0142a o godz. 11.00. Zapraszamy parafian w duchowej \u0142\u0105czno\u015bci z nami poprzez telewizj\u0119 Trwam na wsp\u00f3lny Apel Jasnog\u00f3rski o godz. 21.00. &nbsp;<\/p>\n\n\n\n<p class=\"wp-block-paragraph\">8.&nbsp; W najbli\u017csza niedziel\u0119 4 wrze\u015bnia odb\u0119dzie si\u0119 w Radzyminie w parafii \u015aw. Jana Paw\u0142a II w godz. od 14.00. do 19.00. &nbsp;I Diecezjalne Spotkanie Rodzin. W programie Zawierzenie rodzin opiece Matki Bo\u017cej Zwyci\u0119skiej, Eucharystia pod przewodnictwem Ks. bpa Romualda Kami\u0144skiego, konferencje w tym samym czasie&nbsp; w trzech oddzielnych miejscach- dla ma\u0142\u017ce\u0144stw, dla m\u0142odzie\u017cy i dla dzieci. Na koniec posi\u0142ek, festyn, wsp\u00f3lna zabawa i przer\u00f3\u017cne atrakcje dla dzieci oraz rodzin. Spotkanie organizuje Duszpasterstwo Rodzin naszej diecezji przy pomocy Domowego Ko\u015bcio\u0142a. 9.&nbsp; B\u00f3g zap\u0142a\u0107 za ofiary na now\u0105 kostk\u0119 przed ko\u015bcio\u0142em: 500z\u0142. 200z\u0142, i 3x100z\u0142.<\/p>\n","protected":false},"excerpt":{"rendered":"<p>1. &nbsp;W czwartek 1 wrze\u015bnia rozpocznie si\u0119 nowy rok szkolny. Zapraszamy tego dnia na Msz\u0119 \u015aw. sprawowan\u0105 o godz. 8.00 w intencji Dyrekcji, Rady Pedagogicznej, pracownik\u00f3w, Szko\u0142y Podstawowej i Liceum Mundurowego oraz dzieci, m\u0142odzie\u017cy i rodzic\u00f3w, aby prosi\u0107 Dobrego Boga o B\u0142ogos\u0142awie\u0144stwo i pomy\u015blno\u015b\u0107 na ten nowy rok nauki i pracy. 2.&nbsp; Informujemy r\u00f3wnie\u017c, \u017ce&#8230;<\/p>\n","protected":false},"author":2,"featured_media":4908,"comment_status":"closed","ping_status":"open","sticky":false,"template":"","format":"standard","meta":{"_price":"","_stock":"","_tribe_ticket_header":"","_tribe_default_ticket_provider":"","_tribe_ticket_capacity":"0","_ticket_start_date":"","_ticket_end_date":"","_tribe_ticket_show_description":"","_tribe_ticket_show_not_going":false,"_tribe_ticket_use_global_stock":"","_tribe_ticket_global_stock_level":"","_global_stock_mode":"","_global_stock_cap":"","_tribe_rsvp_for_event":"","_tribe_ticket_going_count":"","_tribe_ticket_not_going_count":"","_tribe_tickets_list":"[]","_tribe_ticket_has_attendee_info_fields":false,"footnotes":""},"categories":[17],"tags":[],"class_list":["post-5955","post","type-post","status-publish","format-standard","has-post-thumbnail","hentry","category-ogloszenia-parafialne"],"yoast_head":"<!-- This site is optimized with the Yoast SEO plugin v28.4 - https:\/\/yoast.com\/product\/yoast-seo-wordpress\/ -->\n<title>22 NIEDZIELA\u00a0 ZWYK\u0141A - Parafia \u015awi\u0119tych Aposto\u0142\u00f3w Piotra i Paw\u0142a w D\u0119bem Wielkim<\/title>\n<meta name=\"robots\" content=\"index, follow, max-snippet:-1, max-image-preview:large, max-video-preview:-1\" \/>\n<link rel=\"canonical\" href=\"https:\/\/parafiadebewielkie.pl\/?p=5955\" \/>\n<meta property=\"og:locale\" content=\"pl_PL\" \/>\n<meta property=\"og:type\" content=\"article\" \/>\n<meta property=\"og:title\" content=\"22 NIEDZIELA\u00a0 ZWYK\u0141A - Parafia \u015awi\u0119tych Aposto\u0142\u00f3w Piotra i Paw\u0142a w D\u0119bem Wielkim\" \/>\n<meta property=\"og:description\" content=\"1. &nbsp;W czwartek 1 wrze\u015bnia rozpocznie si\u0119 nowy rok szkolny. Zapraszamy tego dnia na Msz\u0119 \u015aw. sprawowan\u0105 o godz. 8.00 w intencji Dyrekcji, Rady Pedagogicznej, pracownik\u00f3w, Szko\u0142y Podstawowej i Liceum Mundurowego oraz dzieci, m\u0142odzie\u017cy i rodzic\u00f3w, aby prosi\u0107 Dobrego Boga o B\u0142ogos\u0142awie\u0144stwo i pomy\u015blno\u015b\u0107 na ten nowy rok nauki i pracy. 2.&nbsp; Informujemy r\u00f3wnie\u017c, \u017ce...\" \/>\n<meta property=\"og:url\" content=\"https:\/\/parafiadebewielkie.pl\/?p=5955\" \/>\n<meta property=\"og:site_name\" content=\"Parafia \u015awi\u0119tych Aposto\u0142\u00f3w Piotra i Paw\u0142a w D\u0119bem Wielkim\" \/>\n<meta property=\"article:published_time\" content=\"2022-08-27T05:28:00+00:00\" \/>\n<meta property=\"article:modified_time\" content=\"2022-08-27T14:32:16+00:00\" \/>\n<meta property=\"og:image\" content=\"https:\/\/parafiadebewielkie.pl\/wp-content\/uploads\/2020\/09\/ogloszenia-parafialne.jpg\" \/>\n\t<meta property=\"og:image:width\" content=\"860\" \/>\n\t<meta property=\"og:image:height\" content=\"573\" \/>\n\t<meta property=\"og:image:type\" content=\"image\/jpeg\" \/>\n<meta name=\"author\" content=\"Maciej Pluci\u0144ski\" \/>\n<meta name=\"twitter:card\" content=\"summary_large_image\" \/>\n<meta name=\"twitter:label1\" content=\"Napisane przez\" \/>\n\t<meta name=\"twitter:data1\" content=\"Maciej Pluci\u0144ski\" \/>\n\t<meta name=\"twitter:label2\" content=\"Szacowany czas czytania\" \/>\n\t<meta name=\"twitter:data2\" content=\"3 minuty\" \/>\n<script type=\"application\/ld+json\" class=\"yoast-schema-graph\">{\"@context\":\"https:\\\/\\\/schema.org\",\"@graph\":[{\"@type\":\"Article\",\"@id\":\"https:\\\/\\\/parafiadebewielkie.pl\\\/?p=5955#article\",\"isPartOf\":{\"@id\":\"https:\\\/\\\/parafiadebewielkie.pl\\\/?p=5955\"},\"author\":{\"name\":\"Maciej Pluci\u0144ski\",\"@id\":\"https:\\\/\\\/parafiadebewielkie.pl\\\/#\\\/schema\\\/person\\\/1a1119c41c570859b9d527db6c680434\"},\"headline\":\"22 NIEDZIELA\u00a0 ZWYK\u0141A\",\"datePublished\":\"2022-08-27T05:28:00+00:00\",\"dateModified\":\"2022-08-27T14:32:16+00:00\",\"mainEntityOfPage\":{\"@id\":\"https:\\\/\\\/parafiadebewielkie.pl\\\/?p=5955\"},\"wordCount\":413,\"image\":{\"@id\":\"https:\\\/\\\/parafiadebewielkie.pl\\\/?p=5955#primaryimage\"},\"thumbnailUrl\":\"https:\\\/\\\/parafiadebewielkie.pl\\\/wp-content\\\/uploads\\\/2020\\\/09\\\/ogloszenia-parafialne.jpg\",\"articleSection\":[\"Og\u0142oszenia parafialne\"],\"inLanguage\":\"pl-PL\"},{\"@type\":\"WebPage\",\"@id\":\"https:\\\/\\\/parafiadebewielkie.pl\\\/?p=5955\",\"url\":\"https:\\\/\\\/parafiadebewielkie.pl\\\/?p=5955\",\"name\":\"22 NIEDZIELA\u00a0 ZWYK\u0141A - Parafia \u015awi\u0119tych Aposto\u0142\u00f3w Piotra i Paw\u0142a w D\u0119bem Wielkim\",\"isPartOf\":{\"@id\":\"https:\\\/\\\/parafiadebewielkie.pl\\\/#website\"},\"primaryImageOfPage\":{\"@id\":\"https:\\\/\\\/parafiadebewielkie.pl\\\/?p=5955#primaryimage\"},\"image\":{\"@id\":\"https:\\\/\\\/parafiadebewielkie.pl\\\/?p=5955#primaryimage\"},\"thumbnailUrl\":\"https:\\\/\\\/parafiadebewielkie.pl\\\/wp-content\\\/uploads\\\/2020\\\/09\\\/ogloszenia-parafialne.jpg\",\"datePublished\":\"2022-08-27T05:28:00+00:00\",\"dateModified\":\"2022-08-27T14:32:16+00:00\",\"author\":{\"@id\":\"https:\\\/\\\/parafiadebewielkie.pl\\\/#\\\/schema\\\/person\\\/1a1119c41c570859b9d527db6c680434\"},\"breadcrumb\":{\"@id\":\"https:\\\/\\\/parafiadebewielkie.pl\\\/?p=5955#breadcrumb\"},\"inLanguage\":\"pl-PL\",\"potentialAction\":[{\"@type\":\"ReadAction\",\"target\":[\"https:\\\/\\\/parafiadebewielkie.pl\\\/?p=5955\"]}]},{\"@type\":\"ImageObject\",\"inLanguage\":\"pl-PL\",\"@id\":\"https:\\\/\\\/parafiadebewielkie.pl\\\/?p=5955#primaryimage\",\"url\":\"https:\\\/\\\/parafiadebewielkie.pl\\\/wp-content\\\/uploads\\\/2020\\\/09\\\/ogloszenia-parafialne.jpg\",\"contentUrl\":\"https:\\\/\\\/parafiadebewielkie.pl\\\/wp-content\\\/uploads\\\/2020\\\/09\\\/ogloszenia-parafialne.jpg\",\"width\":860,\"height\":573},{\"@type\":\"BreadcrumbList\",\"@id\":\"https:\\\/\\\/parafiadebewielkie.pl\\\/?p=5955#breadcrumb\",\"itemListElement\":[{\"@type\":\"ListItem\",\"position\":1,\"name\":\"Home\",\"item\":\"https:\\\/\\\/parafiadebewielkie.pl\\\/\"},{\"@type\":\"ListItem\",\"position\":2,\"name\":\"22 NIEDZIELA\u00a0 ZWYK\u0141A\"}]},{\"@type\":\"WebSite\",\"@id\":\"https:\\\/\\\/parafiadebewielkie.pl\\\/#website\",\"url\":\"https:\\\/\\\/parafiadebewielkie.pl\\\/\",\"name\":\"Parafia \u015awi\u0119tych Aposto\u0142\u00f3w Piotra i Paw\u0142a w D\u0119bem Wielkim\",\"description\":\"\",\"potentialAction\":[{\"@type\":\"SearchAction\",\"target\":{\"@type\":\"EntryPoint\",\"urlTemplate\":\"https:\\\/\\\/parafiadebewielkie.pl\\\/?s={search_term_string}\"},\"query-input\":{\"@type\":\"PropertyValueSpecification\",\"valueRequired\":true,\"valueName\":\"search_term_string\"}}],\"inLanguage\":\"pl-PL\"},{\"@type\":\"Person\",\"@id\":\"https:\\\/\\\/parafiadebewielkie.pl\\\/#\\\/schema\\\/person\\\/1a1119c41c570859b9d527db6c680434\",\"name\":\"Maciej Pluci\u0144ski\",\"image\":{\"@type\":\"ImageObject\",\"inLanguage\":\"pl-PL\",\"@id\":\"https:\\\/\\\/secure.gravatar.com\\\/avatar\\\/f0f8c3186d5d642f6605149c102b8c2bffe017de76e9efc5eca111be80ba448d?s=96&d=mm&r=g\",\"url\":\"https:\\\/\\\/secure.gravatar.com\\\/avatar\\\/f0f8c3186d5d642f6605149c102b8c2bffe017de76e9efc5eca111be80ba448d?s=96&d=mm&r=g\",\"contentUrl\":\"https:\\\/\\\/secure.gravatar.com\\\/avatar\\\/f0f8c3186d5d642f6605149c102b8c2bffe017de76e9efc5eca111be80ba448d?s=96&d=mm&r=g\",\"caption\":\"Maciej Pluci\u0144ski\"},\"url\":\"https:\\\/\\\/parafiadebewielkie.pl\\\/?author=2\"}]}<\/script>\n<!-- \/ Yoast SEO plugin. -->","yoast_head_json":{"title":"22 NIEDZIELA\u00a0 ZWYK\u0141A - Parafia \u015awi\u0119tych Aposto\u0142\u00f3w Piotra i Paw\u0142a w D\u0119bem Wielkim","robots":{"index":"index","follow":"follow","max-snippet":"max-snippet:-1","max-image-preview":"max-image-preview:large","max-video-preview":"max-video-preview:-1"},"canonical":"https:\/\/parafiadebewielkie.pl\/?p=5955","og_locale":"pl_PL","og_type":"article","og_title":"22 NIEDZIELA\u00a0 ZWYK\u0141A - Parafia \u015awi\u0119tych Aposto\u0142\u00f3w Piotra i Paw\u0142a w D\u0119bem Wielkim","og_description":"1. &nbsp;W czwartek 1 wrze\u015bnia rozpocznie si\u0119 nowy rok szkolny. Zapraszamy tego dnia na Msz\u0119 \u015aw. sprawowan\u0105 o godz. 8.00 w intencji Dyrekcji, Rady Pedagogicznej, pracownik\u00f3w, Szko\u0142y Podstawowej i Liceum Mundurowego oraz dzieci, m\u0142odzie\u017cy i rodzic\u00f3w, aby prosi\u0107 Dobrego Boga o B\u0142ogos\u0142awie\u0144stwo i pomy\u015blno\u015b\u0107 na ten nowy rok nauki i pracy. 2.&nbsp; Informujemy r\u00f3wnie\u017c, \u017ce...","og_url":"https:\/\/parafiadebewielkie.pl\/?p=5955","og_site_name":"Parafia \u015awi\u0119tych Aposto\u0142\u00f3w Piotra i Paw\u0142a w D\u0119bem Wielkim","article_published_time":"2022-08-27T05:28:00+00:00","article_modified_time":"2022-08-27T14:32:16+00:00","og_image":[{"width":860,"height":573,"url":"https:\/\/parafiadebewielkie.pl\/wp-content\/uploads\/2020\/09\/ogloszenia-parafialne.jpg","type":"image\/jpeg"}],"author":"Maciej Pluci\u0144ski","twitter_card":"summary_large_image","twitter_misc":{"Napisane przez":"Maciej Pluci\u0144ski","Szacowany czas czytania":"3 minuty"},"schema":{"@context":"https:\/\/schema.org","@graph":[{"@type":"Article","@id":"https:\/\/parafiadebewielkie.pl\/?p=5955#article","isPartOf":{"@id":"https:\/\/parafiadebewielkie.pl\/?p=5955"},"author":{"name":"Maciej Pluci\u0144ski","@id":"https:\/\/parafiadebewielkie.pl\/#\/schema\/person\/1a1119c41c570859b9d527db6c680434"},"headline":"22 NIEDZIELA\u00a0 ZWYK\u0141A","datePublished":"2022-08-27T05:28:00+00:00","dateModified":"2022-08-27T14:32:16+00:00","mainEntityOfPage":{"@id":"https:\/\/parafiadebewielkie.pl\/?p=5955"},"wordCount":413,"image":{"@id":"https:\/\/parafiadebewielkie.pl\/?p=5955#primaryimage"},"thumbnailUrl":"https:\/\/parafiadebewielkie.pl\/wp-content\/uploads\/2020\/09\/ogloszenia-parafialne.jpg","articleSection":["Og\u0142oszenia parafialne"],"inLanguage":"pl-PL"},{"@type":"WebPage","@id":"https:\/\/parafiadebewielkie.pl\/?p=5955","url":"https:\/\/parafiadebewielkie.pl\/?p=5955","name":"22 NIEDZIELA\u00a0 ZWYK\u0141A - Parafia \u015awi\u0119tych Aposto\u0142\u00f3w Piotra i Paw\u0142a w D\u0119bem Wielkim","isPartOf":{"@id":"https:\/\/parafiadebewielkie.pl\/#website"},"primaryImageOfPage":{"@id":"https:\/\/parafiadebewielkie.pl\/?p=5955#primaryimage"},"image":{"@id":"https:\/\/parafiadebewielkie.pl\/?p=5955#primaryimage"},"thumbnailUrl":"https:\/\/parafiadebewielkie.pl\/wp-content\/uploads\/2020\/09\/ogloszenia-parafialne.jpg","datePublished":"2022-08-27T05:28:00+00:00","dateModified":"2022-08-27T14:32:16+00:00","author":{"@id":"https:\/\/parafiadebewielkie.pl\/#\/schema\/person\/1a1119c41c570859b9d527db6c680434"},"breadcrumb":{"@id":"https:\/\/parafiadebewielkie.pl\/?p=5955#breadcrumb"},"inLanguage":"pl-PL","potentialAction":[{"@type":"ReadAction","target":["https:\/\/parafiadebewielkie.pl\/?p=5955"]}]},{"@type":"ImageObject","inLanguage":"pl-PL","@id":"https:\/\/parafiadebewielkie.pl\/?p=5955#primaryimage","url":"https:\/\/parafiadebewielkie.pl\/wp-content\/uploads\/2020\/09\/ogloszenia-parafialne.jpg","contentUrl":"https:\/\/parafiadebewielkie.pl\/wp-content\/uploads\/2020\/09\/ogloszenia-parafialne.jpg","width":860,"height":573},{"@type":"BreadcrumbList","@id":"https:\/\/parafiadebewielkie.pl\/?p=5955#breadcrumb","itemListElement":[{"@type":"ListItem","position":1,"name":"Home","item":"https:\/\/parafiadebewielkie.pl\/"},{"@type":"ListItem","position":2,"name":"22 NIEDZIELA\u00a0 ZWYK\u0141A"}]},{"@type":"WebSite","@id":"https:\/\/parafiadebewielkie.pl\/#website","url":"https:\/\/parafiadebewielkie.pl\/","name":"Parafia \u015awi\u0119tych Aposto\u0142\u00f3w Piotra i Paw\u0142a w D\u0119bem Wielkim","description":"","potentialAction":[{"@type":"SearchAction","target":{"@type":"EntryPoint","urlTemplate":"https:\/\/parafiadebewielkie.pl\/?s={search_term_string}"},"query-input":{"@type":"PropertyValueSpecification","valueRequired":true,"valueName":"search_term_string"}}],"inLanguage":"pl-PL"},{"@type":"Person","@id":"https:\/\/parafiadebewielkie.pl\/#\/schema\/person\/1a1119c41c570859b9d527db6c680434","name":"Maciej Pluci\u0144ski","image":{"@type":"ImageObject","inLanguage":"pl-PL","@id":"https:\/\/secure.gravatar.com\/avatar\/f0f8c3186d5d642f6605149c102b8c2bffe017de76e9efc5eca111be80ba448d?s=96&d=mm&r=g","url":"https:\/\/secure.gravatar.com\/avatar\/f0f8c3186d5d642f6605149c102b8c2bffe017de76e9efc5eca111be80ba448d?s=96&d=mm&r=g","contentUrl":"https:\/\/secure.gravatar.com\/avatar\/f0f8c3186d5d642f6605149c102b8c2bffe017de76e9efc5eca111be80ba448d?s=96&d=mm&r=g","caption":"Maciej Pluci\u0144ski"},"url":"https:\/\/parafiadebewielkie.pl\/?author=2"}]}},"_links":{"self":[{"href":"https:\/\/parafiadebewielkie.pl\/index.php?rest_route=\/wp\/v2\/posts\/5955","targetHints":{"allow":["GET"]}}],"collection":[{"href":"https:\/\/parafiadebewielkie.pl\/index.php?rest_route=\/wp\/v2\/posts"}],"about":[{"href":"https:\/\/parafiadebewielkie.pl\/index.php?rest_route=\/wp\/v2\/types\/post"}],"author":[{"embeddable":true,"href":"https:\/\/parafiadebewielkie.pl\/index.php?rest_route=\/wp\/v2\/users\/2"}],"replies":[{"embeddable":true,"href":"https:\/\/parafiadebewielkie.pl\/index.php?rest_route=%2Fwp%2Fv2%2Fcomments&post=5955"}],"version-history":[{"count":1,"href":"https:\/\/parafiadebewielkie.pl\/index.php?rest_route=\/wp\/v2\/posts\/5955\/revisions"}],"predecessor-version":[{"id":5956,"href":"https:\/\/parafiadebewielkie.pl\/index.php?rest_route=\/wp\/v2\/posts\/5955\/revisions\/5956"}],"wp:featuredmedia":[{"embeddable":true,"href":"https:\/\/parafiadebewielkie.pl\/index.php?rest_route=\/wp\/v2\/media\/4908"}],"wp:attachment":[{"href":"https:\/\/parafiadebewielkie.pl\/index.php?rest_route=%2Fwp%2Fv2%2Fmedia&parent=5955"}],"wp:term":[{"taxonomy":"category","embeddable":true,"href":"https:\/\/parafiadebewielkie.pl\/index.php?rest_route=%2Fwp%2Fv2%2Fcategories&post=5955"},{"taxonomy":"post_tag","embeddable":true,"href":"https:\/\/parafiadebewielkie.pl\/index.php?rest_route=%2Fwp%2Fv2%2Ftags&post=5955"}],"curies":[{"name":"wp","href":"https:\/\/api.w.org\/{rel}","templated":true}]}}