{"id":5947,"date":"2022-08-06T07:28:00","date_gmt":"2022-08-06T05:28:00","guid":{"rendered":"https:\/\/parafiadebewielkie.pl\/?p=5947"},"modified":"2022-08-13T12:23:18","modified_gmt":"2022-08-13T10:23:18","slug":"19-niedziela-zwykla-2","status":"publish","type":"post","link":"https:\/\/parafiadebewielkie.pl\/?p=5947","title":{"rendered":"19 NIEDZIELA\u00a0 ZWYK\u0141A"},"content":{"rendered":"<style type=\"text\/css\"><\/style>\n<p class=\"wp-block-paragraph\">1. \u00a0W \u015brod\u0119 10 sierpnia po Mszy \u015aw. o godz. 7.00 wyrusza z naszej parafii na Jasn\u0105 G\u00f3r\u0119 Pielgrzymka Rowerowa, kt\u00f3r\u0105 organizuje Pluton R\u00f3\u017ca\u0144cowy. Na o\u0142tarzu Matki Bo\u017cej znajduje si\u0119 skrzynka, do kt\u00f3rej prosimy wrzuca\u0107 swoje intencje, kt\u00f3re pielgrzymi zawioz\u0105 na Jasn\u0105 G\u00f3r\u0119.<\/p>\n\n\n\n<p class=\"wp-block-paragraph\">2. Dnia 13 sierpnia w sobot\u0119 zapraszamy czcicieli Matki Bo\u017cej na Nabo\u017ce\u0144stwo Fatimskie, kt\u00f3re odb\u0119dzie si\u0119 po Mszy \u015aw. o godz. 18.00.<\/p>\n\n\n\n<p class=\"wp-block-paragraph\">3. W duchowej \u0142\u0105czno\u015bci z pielgrzymami zmierzaj\u0105cymi na Jasna G\u00f3r\u0119 zapraszamy dnia 14 sierpnia na pielgrzymk\u0119 do parafii Glinianka, aby przed obrazem Matki Bo\u017cej Glinieckiej ofiarowa\u0107 nasze rodziny i nas samych. Pielgrzymka wyruszy o godz. 16.30, aby dotrze\u0107 do ko\u015bcio\u0142a, nast\u0119pnie b\u0119dzie sprawowana Msza \u015aw. r\u00f3\u017caniec, Apel Jasnog\u00f3rski i wsp\u00f3lna Agapa.<\/p>\n\n\n\n<p class=\"wp-block-paragraph\">4. &nbsp;W przysz\u0142y poniedzia\u0142ek 15 sierpnia obchodzimy Uroczysto\u015b\u0107 Wniebowzi\u0119cia Naj\u015bwi\u0119tszej Maryi Panny, kt\u00f3ra jest jednocze\u015bnie uroczysto\u015bci\u0105 Patronki naszej Diecezji \u2013 Matki Bo\u017cej Zwyci\u0119skiej. Tego dnia przypada r\u00f3wnie\u017c 102 rocznica Cudu nad Wis\u0142\u0105, zwyci\u0119skiej bitwy pod Radzyminem i \u015awi\u0119to Wojska Polskiego. W \u0142\u0105czno\u015bci z pielgrzymami zgromadzonymi na Jasnej G\u00f3rze zapraszamy na Msze \u015aw. w intencji naszej Ojczyzny i \u017bo\u0142nierzy Wojska Polskiego, kt\u00f3re b\u0119d\u0105 sprawowane jak w niedziel\u0119, o godz. 7.00, 9.00, 10.30, 12.00 i 18.00. W czasie ka\u017cdej Mszy \u015aw. odb\u0119dzie si\u0119 obrz\u0119d b\u0142ogos\u0142awienia zi\u00f3\u0142 i kwiat\u00f3w, pierwociny zieleni tego roku.&nbsp;&nbsp;&nbsp;&nbsp;&nbsp;&nbsp;&nbsp;&nbsp;&nbsp;&nbsp;&nbsp;&nbsp;&nbsp;&nbsp;&nbsp;&nbsp;&nbsp;<\/p>\n\n\n\n<p class=\"wp-block-paragraph\">5.&nbsp; Dzisiaj &nbsp;przed ko\u015bcio\u0142em s\u0105 zbierane podpisy popieraj\u0105ce obywatelski projekt ustawy p.t. \u201eSTOP AGRESJI WOBEC CHRZE\u015aCIJAN\u201d, &nbsp;kt\u00f3ra ma lepiej broni\u0107 wolno\u015bci religijnej chrze\u015bcijan, prosimy o poparcie tej inicjatywy.<\/p>\n\n\n\n<p class=\"wp-block-paragraph\">6.&nbsp; &nbsp;Dnia 1 wrze\u015bnia odb\u0119dzie si\u0119 nasza parafialna Pielgrzymka autokarowa na Jasn\u0105 G\u00f3r\u0119. Planowany wyjazd o godz. 11.00, w programie Droga Krzy\u017cowa, Msza \u015aw. przed Cudownym Obrazem, nasz Apel Jasnog\u00f3rski. Wyjazd bezpo\u015brednio po Apelu. &nbsp;Zapisy przyjmujemy w ko\u015bciele lub w kancelarii.<\/p>\n\n\n\n<p class=\"wp-block-paragraph\">7.&nbsp; &nbsp;W niedziel\u0119 4 wrze\u015bnia na Mszy \u015aw. o godz. 12.00 odb\u0119d\u0105 si\u0119 nasze parafialne do\u017cynki. Prosimy o przygotowanie wie\u0144c\u00f3w do\u017cynkowych z ka\u017cdej miejscowo\u015bci.<\/p>\n\n\n\n<p class=\"wp-block-paragraph\">8. &nbsp;&nbsp;Do Sakramentu Ma\u0142\u017ce\u0144stwa przygotowuje si\u0119 nast\u0119puj\u0105ca para: \u0141ukasz Rozbicki kawaler i Lidia Izdebska panna oboje z parafii tutejszej. &nbsp;&nbsp;&nbsp;<\/p>\n\n\n\n<p class=\"wp-block-paragraph\">9.&nbsp;&nbsp; Przez Sakrament Chrztu \u015aw. do wsp\u00f3lnoty Ko\u015bcio\u0142a i parafii zosta\u0142a w\u0142\u0105czona Ariadna Lewandowska -Lech<\/p>\n\n\n\n<p class=\"wp-block-paragraph\">10. &nbsp;Zach\u0119camy do nabycia prasy katolickiej i pobrania gazetki \u201eLumen\u201d.<\/p>\n","protected":false},"excerpt":{"rendered":"<p>1. \u00a0W \u015brod\u0119 10 sierpnia po Mszy \u015aw. o godz. 7.00 wyrusza z naszej parafii na Jasn\u0105 G\u00f3r\u0119 Pielgrzymka Rowerowa, kt\u00f3r\u0105 organizuje Pluton R\u00f3\u017ca\u0144cowy. Na o\u0142tarzu Matki Bo\u017cej znajduje si\u0119 skrzynka, do kt\u00f3rej prosimy wrzuca\u0107 swoje intencje, kt\u00f3re pielgrzymi zawioz\u0105 na Jasn\u0105 G\u00f3r\u0119. 2. Dnia 13 sierpnia w sobot\u0119 zapraszamy czcicieli Matki Bo\u017cej na Nabo\u017ce\u0144stwo&#8230;<\/p>\n","protected":false},"author":2,"featured_media":4908,"comment_status":"closed","ping_status":"open","sticky":false,"template":"","format":"standard","meta":{"_price":"","_stock":"","_tribe_ticket_header":"","_tribe_default_ticket_provider":"","_tribe_ticket_capacity":"0","_ticket_start_date":"","_ticket_end_date":"","_tribe_ticket_show_description":"","_tribe_ticket_show_not_going":false,"_tribe_ticket_use_global_stock":"","_tribe_ticket_global_stock_level":"","_global_stock_mode":"","_global_stock_cap":"","_tribe_rsvp_for_event":"","_tribe_ticket_going_count":"","_tribe_ticket_not_going_count":"","_tribe_tickets_list":"[]","_tribe_ticket_has_attendee_info_fields":false,"footnotes":""},"categories":[17],"tags":[],"class_list":["post-5947","post","type-post","status-publish","format-standard","has-post-thumbnail","hentry","category-ogloszenia-parafialne"],"yoast_head":"<!-- This site is optimized with the Yoast SEO plugin v28.4 - https:\/\/yoast.com\/product\/yoast-seo-wordpress\/ -->\n<title>19 NIEDZIELA\u00a0 ZWYK\u0141A - Parafia \u015awi\u0119tych Aposto\u0142\u00f3w Piotra i Paw\u0142a w D\u0119bem Wielkim<\/title>\n<meta name=\"robots\" content=\"index, follow, max-snippet:-1, max-image-preview:large, max-video-preview:-1\" \/>\n<link rel=\"canonical\" href=\"https:\/\/parafiadebewielkie.pl\/?p=5947\" \/>\n<meta property=\"og:locale\" content=\"pl_PL\" \/>\n<meta property=\"og:type\" content=\"article\" \/>\n<meta property=\"og:title\" content=\"19 NIEDZIELA\u00a0 ZWYK\u0141A - Parafia \u015awi\u0119tych Aposto\u0142\u00f3w Piotra i Paw\u0142a w D\u0119bem Wielkim\" \/>\n<meta property=\"og:description\" content=\"1. \u00a0W \u015brod\u0119 10 sierpnia po Mszy \u015aw. o godz. 7.00 wyrusza z naszej parafii na Jasn\u0105 G\u00f3r\u0119 Pielgrzymka Rowerowa, kt\u00f3r\u0105 organizuje Pluton R\u00f3\u017ca\u0144cowy. Na o\u0142tarzu Matki Bo\u017cej znajduje si\u0119 skrzynka, do kt\u00f3rej prosimy wrzuca\u0107 swoje intencje, kt\u00f3re pielgrzymi zawioz\u0105 na Jasn\u0105 G\u00f3r\u0119. 2. Dnia 13 sierpnia w sobot\u0119 zapraszamy czcicieli Matki Bo\u017cej na Nabo\u017ce\u0144stwo...\" \/>\n<meta property=\"og:url\" content=\"https:\/\/parafiadebewielkie.pl\/?p=5947\" \/>\n<meta property=\"og:site_name\" content=\"Parafia \u015awi\u0119tych Aposto\u0142\u00f3w Piotra i Paw\u0142a w D\u0119bem Wielkim\" \/>\n<meta property=\"article:published_time\" content=\"2022-08-06T05:28:00+00:00\" \/>\n<meta property=\"article:modified_time\" content=\"2022-08-13T10:23:18+00:00\" \/>\n<meta property=\"og:image\" content=\"https:\/\/parafiadebewielkie.pl\/wp-content\/uploads\/2020\/09\/ogloszenia-parafialne.jpg\" \/>\n\t<meta property=\"og:image:width\" content=\"860\" \/>\n\t<meta property=\"og:image:height\" content=\"573\" \/>\n\t<meta property=\"og:image:type\" content=\"image\/jpeg\" \/>\n<meta name=\"author\" content=\"Maciej Pluci\u0144ski\" \/>\n<meta name=\"twitter:card\" content=\"summary_large_image\" \/>\n<meta name=\"twitter:label1\" content=\"Napisane przez\" \/>\n\t<meta name=\"twitter:data1\" content=\"Maciej Pluci\u0144ski\" \/>\n\t<meta name=\"twitter:label2\" content=\"Szacowany czas czytania\" \/>\n\t<meta name=\"twitter:data2\" content=\"3 minuty\" \/>\n<script type=\"application\/ld+json\" class=\"yoast-schema-graph\">{\"@context\":\"https:\\\/\\\/schema.org\",\"@graph\":[{\"@type\":\"Article\",\"@id\":\"https:\\\/\\\/parafiadebewielkie.pl\\\/?p=5947#article\",\"isPartOf\":{\"@id\":\"https:\\\/\\\/parafiadebewielkie.pl\\\/?p=5947\"},\"author\":{\"name\":\"Maciej Pluci\u0144ski\",\"@id\":\"https:\\\/\\\/parafiadebewielkie.pl\\\/#\\\/schema\\\/person\\\/1a1119c41c570859b9d527db6c680434\"},\"headline\":\"19 NIEDZIELA\u00a0 ZWYK\u0141A\",\"datePublished\":\"2022-08-06T05:28:00+00:00\",\"dateModified\":\"2022-08-13T10:23:18+00:00\",\"mainEntityOfPage\":{\"@id\":\"https:\\\/\\\/parafiadebewielkie.pl\\\/?p=5947\"},\"wordCount\":434,\"image\":{\"@id\":\"https:\\\/\\\/parafiadebewielkie.pl\\\/?p=5947#primaryimage\"},\"thumbnailUrl\":\"https:\\\/\\\/parafiadebewielkie.pl\\\/wp-content\\\/uploads\\\/2020\\\/09\\\/ogloszenia-parafialne.jpg\",\"articleSection\":[\"Og\u0142oszenia parafialne\"],\"inLanguage\":\"pl-PL\"},{\"@type\":\"WebPage\",\"@id\":\"https:\\\/\\\/parafiadebewielkie.pl\\\/?p=5947\",\"url\":\"https:\\\/\\\/parafiadebewielkie.pl\\\/?p=5947\",\"name\":\"19 NIEDZIELA\u00a0 ZWYK\u0141A - Parafia \u015awi\u0119tych Aposto\u0142\u00f3w Piotra i Paw\u0142a w D\u0119bem Wielkim\",\"isPartOf\":{\"@id\":\"https:\\\/\\\/parafiadebewielkie.pl\\\/#website\"},\"primaryImageOfPage\":{\"@id\":\"https:\\\/\\\/parafiadebewielkie.pl\\\/?p=5947#primaryimage\"},\"image\":{\"@id\":\"https:\\\/\\\/parafiadebewielkie.pl\\\/?p=5947#primaryimage\"},\"thumbnailUrl\":\"https:\\\/\\\/parafiadebewielkie.pl\\\/wp-content\\\/uploads\\\/2020\\\/09\\\/ogloszenia-parafialne.jpg\",\"datePublished\":\"2022-08-06T05:28:00+00:00\",\"dateModified\":\"2022-08-13T10:23:18+00:00\",\"author\":{\"@id\":\"https:\\\/\\\/parafiadebewielkie.pl\\\/#\\\/schema\\\/person\\\/1a1119c41c570859b9d527db6c680434\"},\"breadcrumb\":{\"@id\":\"https:\\\/\\\/parafiadebewielkie.pl\\\/?p=5947#breadcrumb\"},\"inLanguage\":\"pl-PL\",\"potentialAction\":[{\"@type\":\"ReadAction\",\"target\":[\"https:\\\/\\\/parafiadebewielkie.pl\\\/?p=5947\"]}]},{\"@type\":\"ImageObject\",\"inLanguage\":\"pl-PL\",\"@id\":\"https:\\\/\\\/parafiadebewielkie.pl\\\/?p=5947#primaryimage\",\"url\":\"https:\\\/\\\/parafiadebewielkie.pl\\\/wp-content\\\/uploads\\\/2020\\\/09\\\/ogloszenia-parafialne.jpg\",\"contentUrl\":\"https:\\\/\\\/parafiadebewielkie.pl\\\/wp-content\\\/uploads\\\/2020\\\/09\\\/ogloszenia-parafialne.jpg\",\"width\":860,\"height\":573},{\"@type\":\"BreadcrumbList\",\"@id\":\"https:\\\/\\\/parafiadebewielkie.pl\\\/?p=5947#breadcrumb\",\"itemListElement\":[{\"@type\":\"ListItem\",\"position\":1,\"name\":\"Home\",\"item\":\"https:\\\/\\\/parafiadebewielkie.pl\\\/\"},{\"@type\":\"ListItem\",\"position\":2,\"name\":\"19 NIEDZIELA\u00a0 ZWYK\u0141A\"}]},{\"@type\":\"WebSite\",\"@id\":\"https:\\\/\\\/parafiadebewielkie.pl\\\/#website\",\"url\":\"https:\\\/\\\/parafiadebewielkie.pl\\\/\",\"name\":\"Parafia \u015awi\u0119tych Aposto\u0142\u00f3w Piotra i Paw\u0142a w D\u0119bem Wielkim\",\"description\":\"\",\"potentialAction\":[{\"@type\":\"SearchAction\",\"target\":{\"@type\":\"EntryPoint\",\"urlTemplate\":\"https:\\\/\\\/parafiadebewielkie.pl\\\/?s={search_term_string}\"},\"query-input\":{\"@type\":\"PropertyValueSpecification\",\"valueRequired\":true,\"valueName\":\"search_term_string\"}}],\"inLanguage\":\"pl-PL\"},{\"@type\":\"Person\",\"@id\":\"https:\\\/\\\/parafiadebewielkie.pl\\\/#\\\/schema\\\/person\\\/1a1119c41c570859b9d527db6c680434\",\"name\":\"Maciej Pluci\u0144ski\",\"image\":{\"@type\":\"ImageObject\",\"inLanguage\":\"pl-PL\",\"@id\":\"https:\\\/\\\/secure.gravatar.com\\\/avatar\\\/f0f8c3186d5d642f6605149c102b8c2bffe017de76e9efc5eca111be80ba448d?s=96&d=mm&r=g\",\"url\":\"https:\\\/\\\/secure.gravatar.com\\\/avatar\\\/f0f8c3186d5d642f6605149c102b8c2bffe017de76e9efc5eca111be80ba448d?s=96&d=mm&r=g\",\"contentUrl\":\"https:\\\/\\\/secure.gravatar.com\\\/avatar\\\/f0f8c3186d5d642f6605149c102b8c2bffe017de76e9efc5eca111be80ba448d?s=96&d=mm&r=g\",\"caption\":\"Maciej Pluci\u0144ski\"},\"url\":\"https:\\\/\\\/parafiadebewielkie.pl\\\/?author=2\"}]}<\/script>\n<!-- \/ Yoast SEO plugin. -->","yoast_head_json":{"title":"19 NIEDZIELA\u00a0 ZWYK\u0141A - Parafia \u015awi\u0119tych Aposto\u0142\u00f3w Piotra i Paw\u0142a w D\u0119bem Wielkim","robots":{"index":"index","follow":"follow","max-snippet":"max-snippet:-1","max-image-preview":"max-image-preview:large","max-video-preview":"max-video-preview:-1"},"canonical":"https:\/\/parafiadebewielkie.pl\/?p=5947","og_locale":"pl_PL","og_type":"article","og_title":"19 NIEDZIELA\u00a0 ZWYK\u0141A - Parafia \u015awi\u0119tych Aposto\u0142\u00f3w Piotra i Paw\u0142a w D\u0119bem Wielkim","og_description":"1. \u00a0W \u015brod\u0119 10 sierpnia po Mszy \u015aw. o godz. 7.00 wyrusza z naszej parafii na Jasn\u0105 G\u00f3r\u0119 Pielgrzymka Rowerowa, kt\u00f3r\u0105 organizuje Pluton R\u00f3\u017ca\u0144cowy. Na o\u0142tarzu Matki Bo\u017cej znajduje si\u0119 skrzynka, do kt\u00f3rej prosimy wrzuca\u0107 swoje intencje, kt\u00f3re pielgrzymi zawioz\u0105 na Jasn\u0105 G\u00f3r\u0119. 2. Dnia 13 sierpnia w sobot\u0119 zapraszamy czcicieli Matki Bo\u017cej na Nabo\u017ce\u0144stwo...","og_url":"https:\/\/parafiadebewielkie.pl\/?p=5947","og_site_name":"Parafia \u015awi\u0119tych Aposto\u0142\u00f3w Piotra i Paw\u0142a w D\u0119bem Wielkim","article_published_time":"2022-08-06T05:28:00+00:00","article_modified_time":"2022-08-13T10:23:18+00:00","og_image":[{"width":860,"height":573,"url":"https:\/\/parafiadebewielkie.pl\/wp-content\/uploads\/2020\/09\/ogloszenia-parafialne.jpg","type":"image\/jpeg"}],"author":"Maciej Pluci\u0144ski","twitter_card":"summary_large_image","twitter_misc":{"Napisane przez":"Maciej Pluci\u0144ski","Szacowany czas czytania":"3 minuty"},"schema":{"@context":"https:\/\/schema.org","@graph":[{"@type":"Article","@id":"https:\/\/parafiadebewielkie.pl\/?p=5947#article","isPartOf":{"@id":"https:\/\/parafiadebewielkie.pl\/?p=5947"},"author":{"name":"Maciej Pluci\u0144ski","@id":"https:\/\/parafiadebewielkie.pl\/#\/schema\/person\/1a1119c41c570859b9d527db6c680434"},"headline":"19 NIEDZIELA\u00a0 ZWYK\u0141A","datePublished":"2022-08-06T05:28:00+00:00","dateModified":"2022-08-13T10:23:18+00:00","mainEntityOfPage":{"@id":"https:\/\/parafiadebewielkie.pl\/?p=5947"},"wordCount":434,"image":{"@id":"https:\/\/parafiadebewielkie.pl\/?p=5947#primaryimage"},"thumbnailUrl":"https:\/\/parafiadebewielkie.pl\/wp-content\/uploads\/2020\/09\/ogloszenia-parafialne.jpg","articleSection":["Og\u0142oszenia parafialne"],"inLanguage":"pl-PL"},{"@type":"WebPage","@id":"https:\/\/parafiadebewielkie.pl\/?p=5947","url":"https:\/\/parafiadebewielkie.pl\/?p=5947","name":"19 NIEDZIELA\u00a0 ZWYK\u0141A - Parafia \u015awi\u0119tych Aposto\u0142\u00f3w Piotra i Paw\u0142a w D\u0119bem Wielkim","isPartOf":{"@id":"https:\/\/parafiadebewielkie.pl\/#website"},"primaryImageOfPage":{"@id":"https:\/\/parafiadebewielkie.pl\/?p=5947#primaryimage"},"image":{"@id":"https:\/\/parafiadebewielkie.pl\/?p=5947#primaryimage"},"thumbnailUrl":"https:\/\/parafiadebewielkie.pl\/wp-content\/uploads\/2020\/09\/ogloszenia-parafialne.jpg","datePublished":"2022-08-06T05:28:00+00:00","dateModified":"2022-08-13T10:23:18+00:00","author":{"@id":"https:\/\/parafiadebewielkie.pl\/#\/schema\/person\/1a1119c41c570859b9d527db6c680434"},"breadcrumb":{"@id":"https:\/\/parafiadebewielkie.pl\/?p=5947#breadcrumb"},"inLanguage":"pl-PL","potentialAction":[{"@type":"ReadAction","target":["https:\/\/parafiadebewielkie.pl\/?p=5947"]}]},{"@type":"ImageObject","inLanguage":"pl-PL","@id":"https:\/\/parafiadebewielkie.pl\/?p=5947#primaryimage","url":"https:\/\/parafiadebewielkie.pl\/wp-content\/uploads\/2020\/09\/ogloszenia-parafialne.jpg","contentUrl":"https:\/\/parafiadebewielkie.pl\/wp-content\/uploads\/2020\/09\/ogloszenia-parafialne.jpg","width":860,"height":573},{"@type":"BreadcrumbList","@id":"https:\/\/parafiadebewielkie.pl\/?p=5947#breadcrumb","itemListElement":[{"@type":"ListItem","position":1,"name":"Home","item":"https:\/\/parafiadebewielkie.pl\/"},{"@type":"ListItem","position":2,"name":"19 NIEDZIELA\u00a0 ZWYK\u0141A"}]},{"@type":"WebSite","@id":"https:\/\/parafiadebewielkie.pl\/#website","url":"https:\/\/parafiadebewielkie.pl\/","name":"Parafia \u015awi\u0119tych Aposto\u0142\u00f3w Piotra i Paw\u0142a w D\u0119bem Wielkim","description":"","potentialAction":[{"@type":"SearchAction","target":{"@type":"EntryPoint","urlTemplate":"https:\/\/parafiadebewielkie.pl\/?s={search_term_string}"},"query-input":{"@type":"PropertyValueSpecification","valueRequired":true,"valueName":"search_term_string"}}],"inLanguage":"pl-PL"},{"@type":"Person","@id":"https:\/\/parafiadebewielkie.pl\/#\/schema\/person\/1a1119c41c570859b9d527db6c680434","name":"Maciej Pluci\u0144ski","image":{"@type":"ImageObject","inLanguage":"pl-PL","@id":"https:\/\/secure.gravatar.com\/avatar\/f0f8c3186d5d642f6605149c102b8c2bffe017de76e9efc5eca111be80ba448d?s=96&d=mm&r=g","url":"https:\/\/secure.gravatar.com\/avatar\/f0f8c3186d5d642f6605149c102b8c2bffe017de76e9efc5eca111be80ba448d?s=96&d=mm&r=g","contentUrl":"https:\/\/secure.gravatar.com\/avatar\/f0f8c3186d5d642f6605149c102b8c2bffe017de76e9efc5eca111be80ba448d?s=96&d=mm&r=g","caption":"Maciej Pluci\u0144ski"},"url":"https:\/\/parafiadebewielkie.pl\/?author=2"}]}},"_links":{"self":[{"href":"https:\/\/parafiadebewielkie.pl\/index.php?rest_route=\/wp\/v2\/posts\/5947","targetHints":{"allow":["GET"]}}],"collection":[{"href":"https:\/\/parafiadebewielkie.pl\/index.php?rest_route=\/wp\/v2\/posts"}],"about":[{"href":"https:\/\/parafiadebewielkie.pl\/index.php?rest_route=\/wp\/v2\/types\/post"}],"author":[{"embeddable":true,"href":"https:\/\/parafiadebewielkie.pl\/index.php?rest_route=\/wp\/v2\/users\/2"}],"replies":[{"embeddable":true,"href":"https:\/\/parafiadebewielkie.pl\/index.php?rest_route=%2Fwp%2Fv2%2Fcomments&post=5947"}],"version-history":[{"count":1,"href":"https:\/\/parafiadebewielkie.pl\/index.php?rest_route=\/wp\/v2\/posts\/5947\/revisions"}],"predecessor-version":[{"id":5948,"href":"https:\/\/parafiadebewielkie.pl\/index.php?rest_route=\/wp\/v2\/posts\/5947\/revisions\/5948"}],"wp:featuredmedia":[{"embeddable":true,"href":"https:\/\/parafiadebewielkie.pl\/index.php?rest_route=\/wp\/v2\/media\/4908"}],"wp:attachment":[{"href":"https:\/\/parafiadebewielkie.pl\/index.php?rest_route=%2Fwp%2Fv2%2Fmedia&parent=5947"}],"wp:term":[{"taxonomy":"category","embeddable":true,"href":"https:\/\/parafiadebewielkie.pl\/index.php?rest_route=%2Fwp%2Fv2%2Fcategories&post=5947"},{"taxonomy":"post_tag","embeddable":true,"href":"https:\/\/parafiadebewielkie.pl\/index.php?rest_route=%2Fwp%2Fv2%2Ftags&post=5947"}],"curies":[{"name":"wp","href":"https:\/\/api.w.org\/{rel}","templated":true}]}}