{"id":5942,"date":"2022-07-30T07:28:00","date_gmt":"2022-07-30T05:28:00","guid":{"rendered":"https:\/\/parafiadebewielkie.pl\/?p=5942"},"modified":"2022-07-30T14:24:15","modified_gmt":"2022-07-30T12:24:15","slug":"18-niedziela-zwykla-2","status":"publish","type":"post","link":"https:\/\/parafiadebewielkie.pl\/?p=5942","title":{"rendered":"18 NIEDZIELA\u00a0 ZWYK\u0141A"},"content":{"rendered":"<style type=\"text\/css\"><\/style>\n<p class=\"wp-block-paragraph\">1. Rozpoczyna si\u0119 miesi\u0105c sierpie\u0144, kt\u00f3ry jest tak bardzo wa\u017cny dla nas Polak\u00f3w ze wzgl\u0119du na \u015awi\u0119ta Maryjne i Narodowe. Jutro dnia 1 sierpnia przypada 78 rocznica wybuchu Powstania Warszawskiego. O godz. 17.00 zabij\u0105 dzwony we wszystkich \u015bwi\u0105tyniach naszej diecezji, zatrzymajmy si\u0119 wtedy na chwil\u0119, aby odda\u0107 ho\u0142d powsta\u0144com \u017co\u0142nierzom i mieszka\u0144com Miasta Nieujarzmionego. Pami\u0119tajmy w modlitwie o bohaterskich powsta\u0144cach, poleg\u0142ym i zmar\u0142ym niech Dobry B\u00f3g oka\u017ce \u0142ask\u0119 nieba, a \u017cyj\u0105cych niech obdarza zdrowiem.&nbsp;<\/p>\n\n\n\n<p class=\"wp-block-paragraph\">2. Dnia 5 sierpnia w pierwszy pi\u0105tek miesi\u0105ca po Mszy \u015aw. o godz. 7.00 i 18.00 nabo\u017ce\u0144stwo do Naj\u015bwi\u0119tszego Serca Pana Jezusa. Po nabo\u017ce\u0144stwie po Mszy \u015aw. o godz.18.00 rozpocznie si\u0119 ca\u0142onocna adoracja indywidualna w kaplicy adoracji. Tego dnia odwiedzimy naszych chorych z Komuni\u0105 \u015aw.<\/p>\n\n\n\n<p class=\"wp-block-paragraph\">3.&nbsp; W sobot\u0119 dnia 6 sierpnia przypada \u015awi\u0119to Przemienienia Pa\u0144skiego. Po mszy \u015aw. o godz. 7.00 nabo\u017ce\u0144stwo wynagradzaj\u0105ce Niepokalanemu Sercu Maryi, kt\u00f3re poprowadzi Pluton R\u00f3\u017ca\u0144cowy.&nbsp;<\/p>\n\n\n\n<p class=\"wp-block-paragraph\">4.&nbsp; W przysz\u0142\u0105 niedziel\u0119 po Mszy \u015aw. o godz. 10.30 wystawienie Naj\u015bwi\u0119tszego Sakramentu, r\u00f3\u017caniec i procesja Eucharystyczna.<\/p>\n\n\n\n<p class=\"wp-block-paragraph\">5. &nbsp;&nbsp;&nbsp;&nbsp;Zesp\u00f3\u0142 KEP ds. Apostolstwa Trze\u017awo\u015bci i Os\u00f3b Uzale\u017cnionych zach\u0119ca do podj\u0119cia abstynencji w miesi\u0105cu sierpniu. Has\u0142o obecnego roku brzmi: \u201ePos\u0142ani w pokoju Chrystusa, budujmy trze\u017aw\u0105 i woln\u0105 Polsk\u0119\u201d. W naszym ko\u015bciele, na sta\u0142e, wy\u0142o\u017cona jest Ksi\u0119ga Abstynencji na o\u0142tarzu Matki Bo\u017cej. Ka\u017cdy mo\u017ce wpisa\u0107 swoje zobowi\u0105zanie postu od alkoholu w konkretnej intencji. Dzi\u0119ki takiemu wyrzeczeniu powstrzymujemy cierpienie rodzin, unikamy wypadk\u00f3w komunikacyjnych i \u015bmierci niewinnych ludzi, dbamy o w\u0142asne zdrowie. Podpisane s\u0105 ju\u017c deklaracje na miesi\u0105c, rok, a nawet do ko\u0144ca \u017cycia. Dajmy dobry przyk\u0142ad swoim \u017cyciem w trze\u017awo\u015bci. &nbsp;&nbsp;&nbsp;&nbsp;&nbsp;&nbsp;&nbsp;&nbsp;&nbsp;&nbsp;&nbsp;&nbsp;&nbsp;&nbsp;&nbsp;&nbsp;&nbsp;&nbsp;<\/p>\n\n\n\n<p class=\"wp-block-paragraph\">6.&nbsp; Ze wszystkich stron naszej Ojczyzny wyruszy\u0142y lub wyrusz\u0105 w najbli\u017cszych dniach pielgrzymki piesze i rowerowe na Jasn\u0105 G\u00f3r\u0119. Naszym parafianom, kt\u00f3rzy b\u0119d\u0105 uczestniczy\u0107 w pielgrzymkach, \u017cyczymy wielu duchowych owoc\u00f3w tego b\u0142ogos\u0142awionego czasu, a my towarzyszmy im duchowo poprzez nasz\u0105 modlitw\u0119 w ich intencji. Do skrzynki stoj\u0105cej na o\u0142tarzu Matki Bo\u017cej prosimy wrzuca\u0107 swoje intencje, kt\u00f3re uczestnicy Pielgrzymki Rowerowej ofiaruj\u0105 Kr\u00f3lowej Polski &nbsp;na Jasnej G\u00f3rze. &nbsp;<\/p>\n\n\n\n<p class=\"wp-block-paragraph\">7.&nbsp; Solidarna Polska z\u0142o\u017cy\u0142a do Sejmu projekt ustawy, kt\u00f3ra ma lepiej broni\u0107 wolno\u015b\u0107&nbsp; religijn\u0105 chrze\u015bcijan w Polsce p.t. \u201e Stop Agresji wobec chrze\u015bcijan\u201d. W przysz\u0142\u0105 niedziel\u0119 przed ko\u015bcio\u0142em b\u0119d\u0105 zbierane podpisy popieraj\u0105ce ten obywatelski projekt ustawy. Prosimy przygotowa\u0107 swoje dane osobiste i udzieli\u0107 poparcia.<\/p>\n\n\n\n<p class=\"wp-block-paragraph\">8.&nbsp; Dnia 1 wrze\u015bnia odb\u0119dzie si\u0119 nasza parafialna Pielgrzymka autokarowa na Jasn\u0105 G\u00f3r\u0119. Planowany wyjazd o godz. 11.00, w programie Droga Krzy\u017cowa, Msza \u015aw. przed Cudownym Obrazem, nasz Apel Jasnog\u00f3rski. Wyjazd bezpo\u015brednio po Apelu. &nbsp;Zapisy przyjmujemy w ko\u015bciele lub w kancelarii.<\/p>\n\n\n\n<p class=\"wp-block-paragraph\">9. Do Sakramentu Ma\u0142\u017ce\u0144stwa przygotowuj\u0105 si\u0119 nast\u0119puj\u0105ce pary: Kamil Micha\u0142 \u015awierczy\u0144ski kawaler i Michalina Doma\u0144ska panna, oboje z parafii tutejszej, Grzegorz Twardowski kawaler i Magdalena Czy\u017cewska panna oboje z parafii tutejszej, \u0141ukasz Rozbicki kawaler i Lidia Izdebska panna oboje z parafii tutejszej. &nbsp;<\/p>\n\n\n\n<p class=\"wp-block-paragraph\">10.&nbsp; B\u00f3g zap\u0142a\u0107 za ofiary na nowy &nbsp;chodnik przed ko\u015bcio\u0142em: 500z\u0142, 200z\u0142 i 100z\u0142<\/p>\n\n\n\n<p class=\"wp-block-paragraph\">11. &nbsp;Zach\u0119camy do nabycia prasy katolickiej i pobrania gazetki \u201eLumen\u201d.<\/p>\n\n\n\n<p class=\"wp-block-paragraph\">12.&nbsp; Na progu do wieczno\u015bci po\u017cegnali\u015bmy: \u015ap. Albin\u0119 Janin\u0119 Paczkowsk\u0105.<\/p>\n\n\n\n<p class=\"wp-block-paragraph\">13. &nbsp;Modlitwa do \u015awi\u0119tego Micha\u0142a Archanio\u0142a<\/p>\n\n\n\n<p class=\"wp-block-paragraph\">14. &nbsp;Na dobry tydzie\u0144, na czas urlop\u00f3w i wakacji &nbsp;niech B\u00f3g Wam B\u0142ogos\u0142awi.<\/p>\n","protected":false},"excerpt":{"rendered":"<p>1. Rozpoczyna si\u0119 miesi\u0105c sierpie\u0144, kt\u00f3ry jest tak bardzo wa\u017cny dla nas Polak\u00f3w ze wzgl\u0119du na \u015awi\u0119ta Maryjne i Narodowe. Jutro dnia 1 sierpnia przypada 78 rocznica wybuchu Powstania Warszawskiego. O godz. 17.00 zabij\u0105 dzwony we wszystkich \u015bwi\u0105tyniach naszej diecezji, zatrzymajmy si\u0119 wtedy na chwil\u0119, aby odda\u0107 ho\u0142d powsta\u0144com \u017co\u0142nierzom i mieszka\u0144com Miasta Nieujarzmionego. Pami\u0119tajmy&#8230;<\/p>\n","protected":false},"author":2,"featured_media":4908,"comment_status":"closed","ping_status":"open","sticky":false,"template":"","format":"standard","meta":{"_price":"","_stock":"","_tribe_ticket_header":"","_tribe_default_ticket_provider":"","_tribe_ticket_capacity":"0","_ticket_start_date":"","_ticket_end_date":"","_tribe_ticket_show_description":"","_tribe_ticket_show_not_going":false,"_tribe_ticket_use_global_stock":"","_tribe_ticket_global_stock_level":"","_global_stock_mode":"","_global_stock_cap":"","_tribe_rsvp_for_event":"","_tribe_ticket_going_count":"","_tribe_ticket_not_going_count":"","_tribe_tickets_list":"[]","_tribe_ticket_has_attendee_info_fields":false,"footnotes":""},"categories":[17],"tags":[],"class_list":["post-5942","post","type-post","status-publish","format-standard","has-post-thumbnail","hentry","category-ogloszenia-parafialne"],"yoast_head":"<!-- This site is optimized with the Yoast SEO plugin v28.4 - https:\/\/yoast.com\/product\/yoast-seo-wordpress\/ -->\n<title>18 NIEDZIELA\u00a0 ZWYK\u0141A - Parafia \u015awi\u0119tych Aposto\u0142\u00f3w Piotra i Paw\u0142a w D\u0119bem Wielkim<\/title>\n<meta name=\"robots\" content=\"index, follow, max-snippet:-1, max-image-preview:large, max-video-preview:-1\" \/>\n<link rel=\"canonical\" href=\"https:\/\/parafiadebewielkie.pl\/?p=5942\" \/>\n<meta property=\"og:locale\" content=\"pl_PL\" \/>\n<meta property=\"og:type\" content=\"article\" \/>\n<meta property=\"og:title\" content=\"18 NIEDZIELA\u00a0 ZWYK\u0141A - Parafia \u015awi\u0119tych Aposto\u0142\u00f3w Piotra i Paw\u0142a w D\u0119bem Wielkim\" \/>\n<meta property=\"og:description\" content=\"1. Rozpoczyna si\u0119 miesi\u0105c sierpie\u0144, kt\u00f3ry jest tak bardzo wa\u017cny dla nas Polak\u00f3w ze wzgl\u0119du na \u015awi\u0119ta Maryjne i Narodowe. Jutro dnia 1 sierpnia przypada 78 rocznica wybuchu Powstania Warszawskiego. O godz. 17.00 zabij\u0105 dzwony we wszystkich \u015bwi\u0105tyniach naszej diecezji, zatrzymajmy si\u0119 wtedy na chwil\u0119, aby odda\u0107 ho\u0142d powsta\u0144com \u017co\u0142nierzom i mieszka\u0144com Miasta Nieujarzmionego. Pami\u0119tajmy...\" \/>\n<meta property=\"og:url\" content=\"https:\/\/parafiadebewielkie.pl\/?p=5942\" \/>\n<meta property=\"og:site_name\" content=\"Parafia \u015awi\u0119tych Aposto\u0142\u00f3w Piotra i Paw\u0142a w D\u0119bem Wielkim\" \/>\n<meta property=\"article:published_time\" content=\"2022-07-30T05:28:00+00:00\" \/>\n<meta property=\"article:modified_time\" content=\"2022-07-30T12:24:15+00:00\" \/>\n<meta property=\"og:image\" content=\"https:\/\/parafiadebewielkie.pl\/wp-content\/uploads\/2020\/09\/ogloszenia-parafialne.jpg\" \/>\n\t<meta property=\"og:image:width\" content=\"860\" \/>\n\t<meta property=\"og:image:height\" content=\"573\" \/>\n\t<meta property=\"og:image:type\" content=\"image\/jpeg\" \/>\n<meta name=\"author\" content=\"Maciej Pluci\u0144ski\" \/>\n<meta name=\"twitter:card\" content=\"summary_large_image\" \/>\n<meta name=\"twitter:label1\" content=\"Napisane przez\" \/>\n\t<meta name=\"twitter:data1\" content=\"Maciej Pluci\u0144ski\" \/>\n\t<meta name=\"twitter:label2\" content=\"Szacowany czas czytania\" \/>\n\t<meta name=\"twitter:data2\" content=\"3 minuty\" \/>\n<script type=\"application\/ld+json\" class=\"yoast-schema-graph\">{\"@context\":\"https:\\\/\\\/schema.org\",\"@graph\":[{\"@type\":\"Article\",\"@id\":\"https:\\\/\\\/parafiadebewielkie.pl\\\/?p=5942#article\",\"isPartOf\":{\"@id\":\"https:\\\/\\\/parafiadebewielkie.pl\\\/?p=5942\"},\"author\":{\"name\":\"Maciej Pluci\u0144ski\",\"@id\":\"https:\\\/\\\/parafiadebewielkie.pl\\\/#\\\/schema\\\/person\\\/1a1119c41c570859b9d527db6c680434\"},\"headline\":\"18 NIEDZIELA\u00a0 ZWYK\u0141A\",\"datePublished\":\"2022-07-30T05:28:00+00:00\",\"dateModified\":\"2022-07-30T12:24:15+00:00\",\"mainEntityOfPage\":{\"@id\":\"https:\\\/\\\/parafiadebewielkie.pl\\\/?p=5942\"},\"wordCount\":633,\"image\":{\"@id\":\"https:\\\/\\\/parafiadebewielkie.pl\\\/?p=5942#primaryimage\"},\"thumbnailUrl\":\"https:\\\/\\\/parafiadebewielkie.pl\\\/wp-content\\\/uploads\\\/2020\\\/09\\\/ogloszenia-parafialne.jpg\",\"articleSection\":[\"Og\u0142oszenia parafialne\"],\"inLanguage\":\"pl-PL\"},{\"@type\":\"WebPage\",\"@id\":\"https:\\\/\\\/parafiadebewielkie.pl\\\/?p=5942\",\"url\":\"https:\\\/\\\/parafiadebewielkie.pl\\\/?p=5942\",\"name\":\"18 NIEDZIELA\u00a0 ZWYK\u0141A - Parafia \u015awi\u0119tych Aposto\u0142\u00f3w Piotra i Paw\u0142a w D\u0119bem Wielkim\",\"isPartOf\":{\"@id\":\"https:\\\/\\\/parafiadebewielkie.pl\\\/#website\"},\"primaryImageOfPage\":{\"@id\":\"https:\\\/\\\/parafiadebewielkie.pl\\\/?p=5942#primaryimage\"},\"image\":{\"@id\":\"https:\\\/\\\/parafiadebewielkie.pl\\\/?p=5942#primaryimage\"},\"thumbnailUrl\":\"https:\\\/\\\/parafiadebewielkie.pl\\\/wp-content\\\/uploads\\\/2020\\\/09\\\/ogloszenia-parafialne.jpg\",\"datePublished\":\"2022-07-30T05:28:00+00:00\",\"dateModified\":\"2022-07-30T12:24:15+00:00\",\"author\":{\"@id\":\"https:\\\/\\\/parafiadebewielkie.pl\\\/#\\\/schema\\\/person\\\/1a1119c41c570859b9d527db6c680434\"},\"breadcrumb\":{\"@id\":\"https:\\\/\\\/parafiadebewielkie.pl\\\/?p=5942#breadcrumb\"},\"inLanguage\":\"pl-PL\",\"potentialAction\":[{\"@type\":\"ReadAction\",\"target\":[\"https:\\\/\\\/parafiadebewielkie.pl\\\/?p=5942\"]}]},{\"@type\":\"ImageObject\",\"inLanguage\":\"pl-PL\",\"@id\":\"https:\\\/\\\/parafiadebewielkie.pl\\\/?p=5942#primaryimage\",\"url\":\"https:\\\/\\\/parafiadebewielkie.pl\\\/wp-content\\\/uploads\\\/2020\\\/09\\\/ogloszenia-parafialne.jpg\",\"contentUrl\":\"https:\\\/\\\/parafiadebewielkie.pl\\\/wp-content\\\/uploads\\\/2020\\\/09\\\/ogloszenia-parafialne.jpg\",\"width\":860,\"height\":573},{\"@type\":\"BreadcrumbList\",\"@id\":\"https:\\\/\\\/parafiadebewielkie.pl\\\/?p=5942#breadcrumb\",\"itemListElement\":[{\"@type\":\"ListItem\",\"position\":1,\"name\":\"Home\",\"item\":\"https:\\\/\\\/parafiadebewielkie.pl\\\/\"},{\"@type\":\"ListItem\",\"position\":2,\"name\":\"18 NIEDZIELA\u00a0 ZWYK\u0141A\"}]},{\"@type\":\"WebSite\",\"@id\":\"https:\\\/\\\/parafiadebewielkie.pl\\\/#website\",\"url\":\"https:\\\/\\\/parafiadebewielkie.pl\\\/\",\"name\":\"Parafia \u015awi\u0119tych Aposto\u0142\u00f3w Piotra i Paw\u0142a w D\u0119bem Wielkim\",\"description\":\"\",\"potentialAction\":[{\"@type\":\"SearchAction\",\"target\":{\"@type\":\"EntryPoint\",\"urlTemplate\":\"https:\\\/\\\/parafiadebewielkie.pl\\\/?s={search_term_string}\"},\"query-input\":{\"@type\":\"PropertyValueSpecification\",\"valueRequired\":true,\"valueName\":\"search_term_string\"}}],\"inLanguage\":\"pl-PL\"},{\"@type\":\"Person\",\"@id\":\"https:\\\/\\\/parafiadebewielkie.pl\\\/#\\\/schema\\\/person\\\/1a1119c41c570859b9d527db6c680434\",\"name\":\"Maciej Pluci\u0144ski\",\"image\":{\"@type\":\"ImageObject\",\"inLanguage\":\"pl-PL\",\"@id\":\"https:\\\/\\\/secure.gravatar.com\\\/avatar\\\/f0f8c3186d5d642f6605149c102b8c2bffe017de76e9efc5eca111be80ba448d?s=96&d=mm&r=g\",\"url\":\"https:\\\/\\\/secure.gravatar.com\\\/avatar\\\/f0f8c3186d5d642f6605149c102b8c2bffe017de76e9efc5eca111be80ba448d?s=96&d=mm&r=g\",\"contentUrl\":\"https:\\\/\\\/secure.gravatar.com\\\/avatar\\\/f0f8c3186d5d642f6605149c102b8c2bffe017de76e9efc5eca111be80ba448d?s=96&d=mm&r=g\",\"caption\":\"Maciej Pluci\u0144ski\"},\"url\":\"https:\\\/\\\/parafiadebewielkie.pl\\\/?author=2\"}]}<\/script>\n<!-- \/ Yoast SEO plugin. -->","yoast_head_json":{"title":"18 NIEDZIELA\u00a0 ZWYK\u0141A - Parafia \u015awi\u0119tych Aposto\u0142\u00f3w Piotra i Paw\u0142a w D\u0119bem Wielkim","robots":{"index":"index","follow":"follow","max-snippet":"max-snippet:-1","max-image-preview":"max-image-preview:large","max-video-preview":"max-video-preview:-1"},"canonical":"https:\/\/parafiadebewielkie.pl\/?p=5942","og_locale":"pl_PL","og_type":"article","og_title":"18 NIEDZIELA\u00a0 ZWYK\u0141A - Parafia \u015awi\u0119tych Aposto\u0142\u00f3w Piotra i Paw\u0142a w D\u0119bem Wielkim","og_description":"1. Rozpoczyna si\u0119 miesi\u0105c sierpie\u0144, kt\u00f3ry jest tak bardzo wa\u017cny dla nas Polak\u00f3w ze wzgl\u0119du na \u015awi\u0119ta Maryjne i Narodowe. Jutro dnia 1 sierpnia przypada 78 rocznica wybuchu Powstania Warszawskiego. O godz. 17.00 zabij\u0105 dzwony we wszystkich \u015bwi\u0105tyniach naszej diecezji, zatrzymajmy si\u0119 wtedy na chwil\u0119, aby odda\u0107 ho\u0142d powsta\u0144com \u017co\u0142nierzom i mieszka\u0144com Miasta Nieujarzmionego. Pami\u0119tajmy...","og_url":"https:\/\/parafiadebewielkie.pl\/?p=5942","og_site_name":"Parafia \u015awi\u0119tych Aposto\u0142\u00f3w Piotra i Paw\u0142a w D\u0119bem Wielkim","article_published_time":"2022-07-30T05:28:00+00:00","article_modified_time":"2022-07-30T12:24:15+00:00","og_image":[{"width":860,"height":573,"url":"https:\/\/parafiadebewielkie.pl\/wp-content\/uploads\/2020\/09\/ogloszenia-parafialne.jpg","type":"image\/jpeg"}],"author":"Maciej Pluci\u0144ski","twitter_card":"summary_large_image","twitter_misc":{"Napisane przez":"Maciej Pluci\u0144ski","Szacowany czas czytania":"3 minuty"},"schema":{"@context":"https:\/\/schema.org","@graph":[{"@type":"Article","@id":"https:\/\/parafiadebewielkie.pl\/?p=5942#article","isPartOf":{"@id":"https:\/\/parafiadebewielkie.pl\/?p=5942"},"author":{"name":"Maciej Pluci\u0144ski","@id":"https:\/\/parafiadebewielkie.pl\/#\/schema\/person\/1a1119c41c570859b9d527db6c680434"},"headline":"18 NIEDZIELA\u00a0 ZWYK\u0141A","datePublished":"2022-07-30T05:28:00+00:00","dateModified":"2022-07-30T12:24:15+00:00","mainEntityOfPage":{"@id":"https:\/\/parafiadebewielkie.pl\/?p=5942"},"wordCount":633,"image":{"@id":"https:\/\/parafiadebewielkie.pl\/?p=5942#primaryimage"},"thumbnailUrl":"https:\/\/parafiadebewielkie.pl\/wp-content\/uploads\/2020\/09\/ogloszenia-parafialne.jpg","articleSection":["Og\u0142oszenia parafialne"],"inLanguage":"pl-PL"},{"@type":"WebPage","@id":"https:\/\/parafiadebewielkie.pl\/?p=5942","url":"https:\/\/parafiadebewielkie.pl\/?p=5942","name":"18 NIEDZIELA\u00a0 ZWYK\u0141A - Parafia \u015awi\u0119tych Aposto\u0142\u00f3w Piotra i Paw\u0142a w D\u0119bem Wielkim","isPartOf":{"@id":"https:\/\/parafiadebewielkie.pl\/#website"},"primaryImageOfPage":{"@id":"https:\/\/parafiadebewielkie.pl\/?p=5942#primaryimage"},"image":{"@id":"https:\/\/parafiadebewielkie.pl\/?p=5942#primaryimage"},"thumbnailUrl":"https:\/\/parafiadebewielkie.pl\/wp-content\/uploads\/2020\/09\/ogloszenia-parafialne.jpg","datePublished":"2022-07-30T05:28:00+00:00","dateModified":"2022-07-30T12:24:15+00:00","author":{"@id":"https:\/\/parafiadebewielkie.pl\/#\/schema\/person\/1a1119c41c570859b9d527db6c680434"},"breadcrumb":{"@id":"https:\/\/parafiadebewielkie.pl\/?p=5942#breadcrumb"},"inLanguage":"pl-PL","potentialAction":[{"@type":"ReadAction","target":["https:\/\/parafiadebewielkie.pl\/?p=5942"]}]},{"@type":"ImageObject","inLanguage":"pl-PL","@id":"https:\/\/parafiadebewielkie.pl\/?p=5942#primaryimage","url":"https:\/\/parafiadebewielkie.pl\/wp-content\/uploads\/2020\/09\/ogloszenia-parafialne.jpg","contentUrl":"https:\/\/parafiadebewielkie.pl\/wp-content\/uploads\/2020\/09\/ogloszenia-parafialne.jpg","width":860,"height":573},{"@type":"BreadcrumbList","@id":"https:\/\/parafiadebewielkie.pl\/?p=5942#breadcrumb","itemListElement":[{"@type":"ListItem","position":1,"name":"Home","item":"https:\/\/parafiadebewielkie.pl\/"},{"@type":"ListItem","position":2,"name":"18 NIEDZIELA\u00a0 ZWYK\u0141A"}]},{"@type":"WebSite","@id":"https:\/\/parafiadebewielkie.pl\/#website","url":"https:\/\/parafiadebewielkie.pl\/","name":"Parafia \u015awi\u0119tych Aposto\u0142\u00f3w Piotra i Paw\u0142a w D\u0119bem Wielkim","description":"","potentialAction":[{"@type":"SearchAction","target":{"@type":"EntryPoint","urlTemplate":"https:\/\/parafiadebewielkie.pl\/?s={search_term_string}"},"query-input":{"@type":"PropertyValueSpecification","valueRequired":true,"valueName":"search_term_string"}}],"inLanguage":"pl-PL"},{"@type":"Person","@id":"https:\/\/parafiadebewielkie.pl\/#\/schema\/person\/1a1119c41c570859b9d527db6c680434","name":"Maciej Pluci\u0144ski","image":{"@type":"ImageObject","inLanguage":"pl-PL","@id":"https:\/\/secure.gravatar.com\/avatar\/f0f8c3186d5d642f6605149c102b8c2bffe017de76e9efc5eca111be80ba448d?s=96&d=mm&r=g","url":"https:\/\/secure.gravatar.com\/avatar\/f0f8c3186d5d642f6605149c102b8c2bffe017de76e9efc5eca111be80ba448d?s=96&d=mm&r=g","contentUrl":"https:\/\/secure.gravatar.com\/avatar\/f0f8c3186d5d642f6605149c102b8c2bffe017de76e9efc5eca111be80ba448d?s=96&d=mm&r=g","caption":"Maciej Pluci\u0144ski"},"url":"https:\/\/parafiadebewielkie.pl\/?author=2"}]}},"_links":{"self":[{"href":"https:\/\/parafiadebewielkie.pl\/index.php?rest_route=\/wp\/v2\/posts\/5942","targetHints":{"allow":["GET"]}}],"collection":[{"href":"https:\/\/parafiadebewielkie.pl\/index.php?rest_route=\/wp\/v2\/posts"}],"about":[{"href":"https:\/\/parafiadebewielkie.pl\/index.php?rest_route=\/wp\/v2\/types\/post"}],"author":[{"embeddable":true,"href":"https:\/\/parafiadebewielkie.pl\/index.php?rest_route=\/wp\/v2\/users\/2"}],"replies":[{"embeddable":true,"href":"https:\/\/parafiadebewielkie.pl\/index.php?rest_route=%2Fwp%2Fv2%2Fcomments&post=5942"}],"version-history":[{"count":1,"href":"https:\/\/parafiadebewielkie.pl\/index.php?rest_route=\/wp\/v2\/posts\/5942\/revisions"}],"predecessor-version":[{"id":5943,"href":"https:\/\/parafiadebewielkie.pl\/index.php?rest_route=\/wp\/v2\/posts\/5942\/revisions\/5943"}],"wp:featuredmedia":[{"embeddable":true,"href":"https:\/\/parafiadebewielkie.pl\/index.php?rest_route=\/wp\/v2\/media\/4908"}],"wp:attachment":[{"href":"https:\/\/parafiadebewielkie.pl\/index.php?rest_route=%2Fwp%2Fv2%2Fmedia&parent=5942"}],"wp:term":[{"taxonomy":"category","embeddable":true,"href":"https:\/\/parafiadebewielkie.pl\/index.php?rest_route=%2Fwp%2Fv2%2Fcategories&post=5942"},{"taxonomy":"post_tag","embeddable":true,"href":"https:\/\/parafiadebewielkie.pl\/index.php?rest_route=%2Fwp%2Fv2%2Ftags&post=5942"}],"curies":[{"name":"wp","href":"https:\/\/api.w.org\/{rel}","templated":true}]}}