{"id":5940,"date":"2022-07-23T07:28:00","date_gmt":"2022-07-23T05:28:00","guid":{"rendered":"https:\/\/parafiadebewielkie.pl\/?p=5940"},"modified":"2022-07-30T14:22:33","modified_gmt":"2022-07-30T12:22:33","slug":"17-niedziela-zwykla-2","status":"publish","type":"post","link":"https:\/\/parafiadebewielkie.pl\/?p=5940","title":{"rendered":"17 NIEDZIELA\u00a0 ZWYK\u0141A"},"content":{"rendered":"<style type=\"text\/css\"><\/style>\n<p class=\"wp-block-paragraph\">1. &nbsp;Dzisiaj rozpoczyna si\u0119&nbsp; XXIII Og\u00f3lnopolski Tydzie\u0144 \u015aw. Krzysztofa, gdzie b\u0119dziemy modli\u0107 si\u0119 za wszystkich u\u017cytkownik\u00f3w dr\u00f3g o bezpieczn\u0105 podr\u00f3\u017c. Ofiary kt\u00f3re obecnie s\u0105 zbierane z racji pob\u0142ogos\u0142awienia kierowc\u00f3w i pojazd\u00f3w, s\u0105 przeznaczone na zakup \u015brodk\u00f3w transportu dla misjonarzy. Podejdziemy za chwil\u0119 na parkingi i po\u015bwi\u0119cimy Wasze pojazdy. Mo\u017cna r\u00f3wnie\u017c pobra\u0107 specjalne modlitwy, deklaracj\u0119 katolika i okoliczno\u015bciowe naklejki ze \u015aw. Krzysztofem.<\/p>\n\n\n\n<p class=\"wp-block-paragraph\">2. W tym tygodniu obchodzi\u0107 b\u0119dziemy wspomnienia \u015bwi\u0119tych: w poniedzia\u0142ek: \u015aw. Jakuba Aposto\u0142a i \u015aw. Krzysztofa, we wtorek: \u015awi\u0119tych Joachima i Anny, rodzic\u00f3w Naj\u015bwi\u0119tszej Maryi Panny, w pi\u0105tek; \u015awi\u0119tych Marty, Marii i \u0141azarza.<\/p>\n\n\n\n<p class=\"wp-block-paragraph\">3.&nbsp; Na o\u0142tarzu&nbsp; Matki Bo\u017cej jest wystawiona skrzyneczka do kt\u00f3rej mo\u017cna wrzuca\u0107 swoje intencje, kt\u00f3re uczestnicy Pielgrzymki Rowerowej zabior\u0105 na Jasna G\u00f3r\u0119. Wszystkich kt\u00f3rzy ju\u017c w\u0119druj\u0105 do r\u00f3\u017cnych Sanktuari\u00f3w Maryjnych &nbsp;i tych kt\u00f3rzy nied\u0142ugo wyrusz\u0105, zapewniamy o naszej modlitwie prosz\u0105c &nbsp;o \u0142ask\u0119 zdrowia, si\u0142\u0119 i wytrwa\u0142o\u015b\u0107 na p\u0105tniczym szlaku.<\/p>\n\n\n\n<p class=\"wp-block-paragraph\">4. Do Sakramentu Ma\u0142\u017ce\u0144stwa przygotowuj\u0105 si\u0119 nast\u0119puj\u0105ce pary: Mariusz Wo\u017anica kawaler z parafii Matki \u0141aski Bo\u017cej w Halinowie i Magdalena Dobosiewicz panna z parafii tutejszej, Pawe\u0142 Karwowski kawaler z parafii tutejszej i Marianna Kalinowska panna z parafii Mi\u0142osierdzia Bo\u017cego w \u017bukowie, Kamil Micha\u0142 \u015awierczy\u0144ski kawaler i Michalina Doma\u0144ska panna, oboje z parafii tutejszej, Grzegorz Twardowski kawaler i Magdalena Czy\u017cewska panna oboje z parafii tutejszej. &nbsp;<\/p>\n\n\n\n<p class=\"wp-block-paragraph\">5.&nbsp; &nbsp;Przez Sakrament Chrztu \u015aw. do wsp\u00f3lnoty Ko\u015bcio\u0142a i parafii zostali w\u0142\u0105czeni: Liwia Ku\u0107 i Gabriel Franciszek Szulc.<\/p>\n\n\n\n<p class=\"wp-block-paragraph\">6.&nbsp;&nbsp; Dzisiaj nasza \u201eNiedziela Chleba\u201d prosimy o pobranie po\u015bwi\u0119conego chleba i bu\u0142eczki, B\u00f3g zap\u0142a\u0107 za ofiary, kt\u00f3re s\u0105 przeznaczone na potrzeby biednych z naszej parafii.<\/p>\n\n\n\n<p class=\"wp-block-paragraph\">7. &nbsp;&nbsp;Zach\u0119camy do nabycia prasy katolickiej i pobrania gazetki \u201eLumen\u201d.<\/p>\n\n\n\n<p class=\"wp-block-paragraph\">8. &nbsp;&nbsp;Modlitwa do \u015awi\u0119tego Micha\u0142a Archanio\u0142a<\/p>\n\n\n\n<p class=\"wp-block-paragraph\">9. &nbsp;Wszystkim parafianom i przyjacio\u0142om naszej parafii, kt\u00f3rzy w tym tygodniu b\u0119d\u0105 obchodzi\u0107 imieniny, urodziny i jubileusze, sk\u0142adamy najserdeczniejsze \u017cyczenia i zapewniamy o pami\u0119ci w modlitwie. Wszystkich tu obecnych na szcz\u0119\u015bliwy tydzie\u0144, na czas urlop\u00f3w i wakacji &nbsp;niech Dobry B\u00f3g B\u0142ogos\u0142awi.<\/p>\n","protected":false},"excerpt":{"rendered":"<p>1. &nbsp;Dzisiaj rozpoczyna si\u0119&nbsp; XXIII Og\u00f3lnopolski Tydzie\u0144 \u015aw. Krzysztofa, gdzie b\u0119dziemy modli\u0107 si\u0119 za wszystkich u\u017cytkownik\u00f3w dr\u00f3g o bezpieczn\u0105 podr\u00f3\u017c. Ofiary kt\u00f3re obecnie s\u0105 zbierane z racji pob\u0142ogos\u0142awienia kierowc\u00f3w i pojazd\u00f3w, s\u0105 przeznaczone na zakup \u015brodk\u00f3w transportu dla misjonarzy. Podejdziemy za chwil\u0119 na parkingi i po\u015bwi\u0119cimy Wasze pojazdy. Mo\u017cna r\u00f3wnie\u017c pobra\u0107 specjalne modlitwy, deklaracj\u0119 katolika&#8230;<\/p>\n","protected":false},"author":2,"featured_media":4908,"comment_status":"closed","ping_status":"open","sticky":false,"template":"","format":"standard","meta":{"_price":"","_stock":"","_tribe_ticket_header":"","_tribe_default_ticket_provider":"","_tribe_ticket_capacity":"0","_ticket_start_date":"","_ticket_end_date":"","_tribe_ticket_show_description":"","_tribe_ticket_show_not_going":false,"_tribe_ticket_use_global_stock":"","_tribe_ticket_global_stock_level":"","_global_stock_mode":"","_global_stock_cap":"","_tribe_rsvp_for_event":"","_tribe_ticket_going_count":"","_tribe_ticket_not_going_count":"","_tribe_tickets_list":"[]","_tribe_ticket_has_attendee_info_fields":false,"footnotes":""},"categories":[17],"tags":[],"class_list":["post-5940","post","type-post","status-publish","format-standard","has-post-thumbnail","hentry","category-ogloszenia-parafialne"],"yoast_head":"<!-- This site is optimized with the Yoast SEO plugin v28.4 - https:\/\/yoast.com\/product\/yoast-seo-wordpress\/ -->\n<title>17 NIEDZIELA\u00a0 ZWYK\u0141A - Parafia \u015awi\u0119tych Aposto\u0142\u00f3w Piotra i Paw\u0142a w D\u0119bem Wielkim<\/title>\n<meta name=\"robots\" content=\"index, follow, max-snippet:-1, max-image-preview:large, max-video-preview:-1\" \/>\n<link rel=\"canonical\" href=\"https:\/\/parafiadebewielkie.pl\/?p=5940\" \/>\n<meta property=\"og:locale\" content=\"pl_PL\" \/>\n<meta property=\"og:type\" content=\"article\" \/>\n<meta property=\"og:title\" content=\"17 NIEDZIELA\u00a0 ZWYK\u0141A - Parafia \u015awi\u0119tych Aposto\u0142\u00f3w Piotra i Paw\u0142a w D\u0119bem Wielkim\" \/>\n<meta property=\"og:description\" content=\"1. &nbsp;Dzisiaj rozpoczyna si\u0119&nbsp; XXIII Og\u00f3lnopolski Tydzie\u0144 \u015aw. Krzysztofa, gdzie b\u0119dziemy modli\u0107 si\u0119 za wszystkich u\u017cytkownik\u00f3w dr\u00f3g o bezpieczn\u0105 podr\u00f3\u017c. Ofiary kt\u00f3re obecnie s\u0105 zbierane z racji pob\u0142ogos\u0142awienia kierowc\u00f3w i pojazd\u00f3w, s\u0105 przeznaczone na zakup \u015brodk\u00f3w transportu dla misjonarzy. Podejdziemy za chwil\u0119 na parkingi i po\u015bwi\u0119cimy Wasze pojazdy. Mo\u017cna r\u00f3wnie\u017c pobra\u0107 specjalne modlitwy, deklaracj\u0119 katolika...\" \/>\n<meta property=\"og:url\" content=\"https:\/\/parafiadebewielkie.pl\/?p=5940\" \/>\n<meta property=\"og:site_name\" content=\"Parafia \u015awi\u0119tych Aposto\u0142\u00f3w Piotra i Paw\u0142a w D\u0119bem Wielkim\" \/>\n<meta property=\"article:published_time\" content=\"2022-07-23T05:28:00+00:00\" \/>\n<meta property=\"article:modified_time\" content=\"2022-07-30T12:22:33+00:00\" \/>\n<meta property=\"og:image\" content=\"https:\/\/parafiadebewielkie.pl\/wp-content\/uploads\/2020\/09\/ogloszenia-parafialne.jpg\" \/>\n\t<meta property=\"og:image:width\" content=\"860\" \/>\n\t<meta property=\"og:image:height\" content=\"573\" \/>\n\t<meta property=\"og:image:type\" content=\"image\/jpeg\" \/>\n<meta name=\"author\" content=\"Maciej Pluci\u0144ski\" \/>\n<meta name=\"twitter:card\" content=\"summary_large_image\" \/>\n<meta name=\"twitter:label1\" content=\"Napisane przez\" \/>\n\t<meta name=\"twitter:data1\" content=\"Maciej Pluci\u0144ski\" \/>\n\t<meta name=\"twitter:label2\" content=\"Szacowany czas czytania\" \/>\n\t<meta name=\"twitter:data2\" content=\"2 minuty\" \/>\n<script type=\"application\/ld+json\" class=\"yoast-schema-graph\">{\"@context\":\"https:\\\/\\\/schema.org\",\"@graph\":[{\"@type\":\"Article\",\"@id\":\"https:\\\/\\\/parafiadebewielkie.pl\\\/?p=5940#article\",\"isPartOf\":{\"@id\":\"https:\\\/\\\/parafiadebewielkie.pl\\\/?p=5940\"},\"author\":{\"name\":\"Maciej Pluci\u0144ski\",\"@id\":\"https:\\\/\\\/parafiadebewielkie.pl\\\/#\\\/schema\\\/person\\\/1a1119c41c570859b9d527db6c680434\"},\"headline\":\"17 NIEDZIELA\u00a0 ZWYK\u0141A\",\"datePublished\":\"2022-07-23T05:28:00+00:00\",\"dateModified\":\"2022-07-30T12:22:33+00:00\",\"mainEntityOfPage\":{\"@id\":\"https:\\\/\\\/parafiadebewielkie.pl\\\/?p=5940\"},\"wordCount\":394,\"image\":{\"@id\":\"https:\\\/\\\/parafiadebewielkie.pl\\\/?p=5940#primaryimage\"},\"thumbnailUrl\":\"https:\\\/\\\/parafiadebewielkie.pl\\\/wp-content\\\/uploads\\\/2020\\\/09\\\/ogloszenia-parafialne.jpg\",\"articleSection\":[\"Og\u0142oszenia parafialne\"],\"inLanguage\":\"pl-PL\"},{\"@type\":\"WebPage\",\"@id\":\"https:\\\/\\\/parafiadebewielkie.pl\\\/?p=5940\",\"url\":\"https:\\\/\\\/parafiadebewielkie.pl\\\/?p=5940\",\"name\":\"17 NIEDZIELA\u00a0 ZWYK\u0141A - Parafia \u015awi\u0119tych Aposto\u0142\u00f3w Piotra i Paw\u0142a w D\u0119bem Wielkim\",\"isPartOf\":{\"@id\":\"https:\\\/\\\/parafiadebewielkie.pl\\\/#website\"},\"primaryImageOfPage\":{\"@id\":\"https:\\\/\\\/parafiadebewielkie.pl\\\/?p=5940#primaryimage\"},\"image\":{\"@id\":\"https:\\\/\\\/parafiadebewielkie.pl\\\/?p=5940#primaryimage\"},\"thumbnailUrl\":\"https:\\\/\\\/parafiadebewielkie.pl\\\/wp-content\\\/uploads\\\/2020\\\/09\\\/ogloszenia-parafialne.jpg\",\"datePublished\":\"2022-07-23T05:28:00+00:00\",\"dateModified\":\"2022-07-30T12:22:33+00:00\",\"author\":{\"@id\":\"https:\\\/\\\/parafiadebewielkie.pl\\\/#\\\/schema\\\/person\\\/1a1119c41c570859b9d527db6c680434\"},\"breadcrumb\":{\"@id\":\"https:\\\/\\\/parafiadebewielkie.pl\\\/?p=5940#breadcrumb\"},\"inLanguage\":\"pl-PL\",\"potentialAction\":[{\"@type\":\"ReadAction\",\"target\":[\"https:\\\/\\\/parafiadebewielkie.pl\\\/?p=5940\"]}]},{\"@type\":\"ImageObject\",\"inLanguage\":\"pl-PL\",\"@id\":\"https:\\\/\\\/parafiadebewielkie.pl\\\/?p=5940#primaryimage\",\"url\":\"https:\\\/\\\/parafiadebewielkie.pl\\\/wp-content\\\/uploads\\\/2020\\\/09\\\/ogloszenia-parafialne.jpg\",\"contentUrl\":\"https:\\\/\\\/parafiadebewielkie.pl\\\/wp-content\\\/uploads\\\/2020\\\/09\\\/ogloszenia-parafialne.jpg\",\"width\":860,\"height\":573},{\"@type\":\"BreadcrumbList\",\"@id\":\"https:\\\/\\\/parafiadebewielkie.pl\\\/?p=5940#breadcrumb\",\"itemListElement\":[{\"@type\":\"ListItem\",\"position\":1,\"name\":\"Home\",\"item\":\"https:\\\/\\\/parafiadebewielkie.pl\\\/\"},{\"@type\":\"ListItem\",\"position\":2,\"name\":\"17 NIEDZIELA\u00a0 ZWYK\u0141A\"}]},{\"@type\":\"WebSite\",\"@id\":\"https:\\\/\\\/parafiadebewielkie.pl\\\/#website\",\"url\":\"https:\\\/\\\/parafiadebewielkie.pl\\\/\",\"name\":\"Parafia \u015awi\u0119tych Aposto\u0142\u00f3w Piotra i Paw\u0142a w D\u0119bem Wielkim\",\"description\":\"\",\"potentialAction\":[{\"@type\":\"SearchAction\",\"target\":{\"@type\":\"EntryPoint\",\"urlTemplate\":\"https:\\\/\\\/parafiadebewielkie.pl\\\/?s={search_term_string}\"},\"query-input\":{\"@type\":\"PropertyValueSpecification\",\"valueRequired\":true,\"valueName\":\"search_term_string\"}}],\"inLanguage\":\"pl-PL\"},{\"@type\":\"Person\",\"@id\":\"https:\\\/\\\/parafiadebewielkie.pl\\\/#\\\/schema\\\/person\\\/1a1119c41c570859b9d527db6c680434\",\"name\":\"Maciej Pluci\u0144ski\",\"image\":{\"@type\":\"ImageObject\",\"inLanguage\":\"pl-PL\",\"@id\":\"https:\\\/\\\/secure.gravatar.com\\\/avatar\\\/f0f8c3186d5d642f6605149c102b8c2bffe017de76e9efc5eca111be80ba448d?s=96&d=mm&r=g\",\"url\":\"https:\\\/\\\/secure.gravatar.com\\\/avatar\\\/f0f8c3186d5d642f6605149c102b8c2bffe017de76e9efc5eca111be80ba448d?s=96&d=mm&r=g\",\"contentUrl\":\"https:\\\/\\\/secure.gravatar.com\\\/avatar\\\/f0f8c3186d5d642f6605149c102b8c2bffe017de76e9efc5eca111be80ba448d?s=96&d=mm&r=g\",\"caption\":\"Maciej Pluci\u0144ski\"},\"url\":\"https:\\\/\\\/parafiadebewielkie.pl\\\/?author=2\"}]}<\/script>\n<!-- \/ Yoast SEO plugin. -->","yoast_head_json":{"title":"17 NIEDZIELA\u00a0 ZWYK\u0141A - Parafia \u015awi\u0119tych Aposto\u0142\u00f3w Piotra i Paw\u0142a w D\u0119bem Wielkim","robots":{"index":"index","follow":"follow","max-snippet":"max-snippet:-1","max-image-preview":"max-image-preview:large","max-video-preview":"max-video-preview:-1"},"canonical":"https:\/\/parafiadebewielkie.pl\/?p=5940","og_locale":"pl_PL","og_type":"article","og_title":"17 NIEDZIELA\u00a0 ZWYK\u0141A - Parafia \u015awi\u0119tych Aposto\u0142\u00f3w Piotra i Paw\u0142a w D\u0119bem Wielkim","og_description":"1. &nbsp;Dzisiaj rozpoczyna si\u0119&nbsp; XXIII Og\u00f3lnopolski Tydzie\u0144 \u015aw. Krzysztofa, gdzie b\u0119dziemy modli\u0107 si\u0119 za wszystkich u\u017cytkownik\u00f3w dr\u00f3g o bezpieczn\u0105 podr\u00f3\u017c. Ofiary kt\u00f3re obecnie s\u0105 zbierane z racji pob\u0142ogos\u0142awienia kierowc\u00f3w i pojazd\u00f3w, s\u0105 przeznaczone na zakup \u015brodk\u00f3w transportu dla misjonarzy. Podejdziemy za chwil\u0119 na parkingi i po\u015bwi\u0119cimy Wasze pojazdy. Mo\u017cna r\u00f3wnie\u017c pobra\u0107 specjalne modlitwy, deklaracj\u0119 katolika...","og_url":"https:\/\/parafiadebewielkie.pl\/?p=5940","og_site_name":"Parafia \u015awi\u0119tych Aposto\u0142\u00f3w Piotra i Paw\u0142a w D\u0119bem Wielkim","article_published_time":"2022-07-23T05:28:00+00:00","article_modified_time":"2022-07-30T12:22:33+00:00","og_image":[{"width":860,"height":573,"url":"https:\/\/parafiadebewielkie.pl\/wp-content\/uploads\/2020\/09\/ogloszenia-parafialne.jpg","type":"image\/jpeg"}],"author":"Maciej Pluci\u0144ski","twitter_card":"summary_large_image","twitter_misc":{"Napisane przez":"Maciej Pluci\u0144ski","Szacowany czas czytania":"2 minuty"},"schema":{"@context":"https:\/\/schema.org","@graph":[{"@type":"Article","@id":"https:\/\/parafiadebewielkie.pl\/?p=5940#article","isPartOf":{"@id":"https:\/\/parafiadebewielkie.pl\/?p=5940"},"author":{"name":"Maciej Pluci\u0144ski","@id":"https:\/\/parafiadebewielkie.pl\/#\/schema\/person\/1a1119c41c570859b9d527db6c680434"},"headline":"17 NIEDZIELA\u00a0 ZWYK\u0141A","datePublished":"2022-07-23T05:28:00+00:00","dateModified":"2022-07-30T12:22:33+00:00","mainEntityOfPage":{"@id":"https:\/\/parafiadebewielkie.pl\/?p=5940"},"wordCount":394,"image":{"@id":"https:\/\/parafiadebewielkie.pl\/?p=5940#primaryimage"},"thumbnailUrl":"https:\/\/parafiadebewielkie.pl\/wp-content\/uploads\/2020\/09\/ogloszenia-parafialne.jpg","articleSection":["Og\u0142oszenia parafialne"],"inLanguage":"pl-PL"},{"@type":"WebPage","@id":"https:\/\/parafiadebewielkie.pl\/?p=5940","url":"https:\/\/parafiadebewielkie.pl\/?p=5940","name":"17 NIEDZIELA\u00a0 ZWYK\u0141A - Parafia \u015awi\u0119tych Aposto\u0142\u00f3w Piotra i Paw\u0142a w D\u0119bem Wielkim","isPartOf":{"@id":"https:\/\/parafiadebewielkie.pl\/#website"},"primaryImageOfPage":{"@id":"https:\/\/parafiadebewielkie.pl\/?p=5940#primaryimage"},"image":{"@id":"https:\/\/parafiadebewielkie.pl\/?p=5940#primaryimage"},"thumbnailUrl":"https:\/\/parafiadebewielkie.pl\/wp-content\/uploads\/2020\/09\/ogloszenia-parafialne.jpg","datePublished":"2022-07-23T05:28:00+00:00","dateModified":"2022-07-30T12:22:33+00:00","author":{"@id":"https:\/\/parafiadebewielkie.pl\/#\/schema\/person\/1a1119c41c570859b9d527db6c680434"},"breadcrumb":{"@id":"https:\/\/parafiadebewielkie.pl\/?p=5940#breadcrumb"},"inLanguage":"pl-PL","potentialAction":[{"@type":"ReadAction","target":["https:\/\/parafiadebewielkie.pl\/?p=5940"]}]},{"@type":"ImageObject","inLanguage":"pl-PL","@id":"https:\/\/parafiadebewielkie.pl\/?p=5940#primaryimage","url":"https:\/\/parafiadebewielkie.pl\/wp-content\/uploads\/2020\/09\/ogloszenia-parafialne.jpg","contentUrl":"https:\/\/parafiadebewielkie.pl\/wp-content\/uploads\/2020\/09\/ogloszenia-parafialne.jpg","width":860,"height":573},{"@type":"BreadcrumbList","@id":"https:\/\/parafiadebewielkie.pl\/?p=5940#breadcrumb","itemListElement":[{"@type":"ListItem","position":1,"name":"Home","item":"https:\/\/parafiadebewielkie.pl\/"},{"@type":"ListItem","position":2,"name":"17 NIEDZIELA\u00a0 ZWYK\u0141A"}]},{"@type":"WebSite","@id":"https:\/\/parafiadebewielkie.pl\/#website","url":"https:\/\/parafiadebewielkie.pl\/","name":"Parafia \u015awi\u0119tych Aposto\u0142\u00f3w Piotra i Paw\u0142a w D\u0119bem Wielkim","description":"","potentialAction":[{"@type":"SearchAction","target":{"@type":"EntryPoint","urlTemplate":"https:\/\/parafiadebewielkie.pl\/?s={search_term_string}"},"query-input":{"@type":"PropertyValueSpecification","valueRequired":true,"valueName":"search_term_string"}}],"inLanguage":"pl-PL"},{"@type":"Person","@id":"https:\/\/parafiadebewielkie.pl\/#\/schema\/person\/1a1119c41c570859b9d527db6c680434","name":"Maciej Pluci\u0144ski","image":{"@type":"ImageObject","inLanguage":"pl-PL","@id":"https:\/\/secure.gravatar.com\/avatar\/f0f8c3186d5d642f6605149c102b8c2bffe017de76e9efc5eca111be80ba448d?s=96&d=mm&r=g","url":"https:\/\/secure.gravatar.com\/avatar\/f0f8c3186d5d642f6605149c102b8c2bffe017de76e9efc5eca111be80ba448d?s=96&d=mm&r=g","contentUrl":"https:\/\/secure.gravatar.com\/avatar\/f0f8c3186d5d642f6605149c102b8c2bffe017de76e9efc5eca111be80ba448d?s=96&d=mm&r=g","caption":"Maciej Pluci\u0144ski"},"url":"https:\/\/parafiadebewielkie.pl\/?author=2"}]}},"_links":{"self":[{"href":"https:\/\/parafiadebewielkie.pl\/index.php?rest_route=\/wp\/v2\/posts\/5940","targetHints":{"allow":["GET"]}}],"collection":[{"href":"https:\/\/parafiadebewielkie.pl\/index.php?rest_route=\/wp\/v2\/posts"}],"about":[{"href":"https:\/\/parafiadebewielkie.pl\/index.php?rest_route=\/wp\/v2\/types\/post"}],"author":[{"embeddable":true,"href":"https:\/\/parafiadebewielkie.pl\/index.php?rest_route=\/wp\/v2\/users\/2"}],"replies":[{"embeddable":true,"href":"https:\/\/parafiadebewielkie.pl\/index.php?rest_route=%2Fwp%2Fv2%2Fcomments&post=5940"}],"version-history":[{"count":1,"href":"https:\/\/parafiadebewielkie.pl\/index.php?rest_route=\/wp\/v2\/posts\/5940\/revisions"}],"predecessor-version":[{"id":5941,"href":"https:\/\/parafiadebewielkie.pl\/index.php?rest_route=\/wp\/v2\/posts\/5940\/revisions\/5941"}],"wp:featuredmedia":[{"embeddable":true,"href":"https:\/\/parafiadebewielkie.pl\/index.php?rest_route=\/wp\/v2\/media\/4908"}],"wp:attachment":[{"href":"https:\/\/parafiadebewielkie.pl\/index.php?rest_route=%2Fwp%2Fv2%2Fmedia&parent=5940"}],"wp:term":[{"taxonomy":"category","embeddable":true,"href":"https:\/\/parafiadebewielkie.pl\/index.php?rest_route=%2Fwp%2Fv2%2Fcategories&post=5940"},{"taxonomy":"post_tag","embeddable":true,"href":"https:\/\/parafiadebewielkie.pl\/index.php?rest_route=%2Fwp%2Fv2%2Ftags&post=5940"}],"curies":[{"name":"wp","href":"https:\/\/api.w.org\/{rel}","templated":true}]}}