{"id":5925,"date":"2022-06-10T07:28:00","date_gmt":"2022-06-10T05:28:00","guid":{"rendered":"https:\/\/parafiadebewielkie.pl\/?p=5925"},"modified":"2022-06-13T08:20:36","modified_gmt":"2022-06-13T06:20:36","slug":"niedziela-najswietszej-trojcy","status":"publish","type":"post","link":"https:\/\/parafiadebewielkie.pl\/?p=5925","title":{"rendered":"NIEDZIELA\u00a0 NAJ\u015aWI\u0118TSZEJ TR\u00d3JCY"},"content":{"rendered":"<style type=\"text\/css\"><\/style>\n<p class=\"wp-block-paragraph\">1. Dzi\u0119kujemy ks. dr. Dariuszowi Czupry\u0144skiemu &#8211; orioni\u015bcie, dyrektorowi Hospicjum, za wyg\u0142oszone S\u0142owo Bo\u017ce i sprawowan\u0105 Eucharysti\u0119, oka\u017cmy swoje serce sk\u0142adaj\u0105c ofiary na pomoc ci\u0119\u017cko chorym pacjetom.<\/p>\n\n\n\n<p class=\"wp-block-paragraph\">2. &nbsp;&nbsp;Jutro po Mszy \u015aw. o godz. 18.00 odb\u0119dzie si\u0119 Nabo\u017ce\u0144stwo Fatimskie.<\/p>\n\n\n\n<p class=\"wp-block-paragraph\">3. &nbsp;W czwartek 16 czerwca obchodzimy Uroczysto\u015b\u0107 Bo\u017cego Cia\u0142a. Zapraszamy na Msze \u015aw. sprawowane o godz. 7.00, 9.00. 11.00 i 18.00. Po Mszy \u015aw. o godz. 11.00. wyruszy procesja Eucharystyczna do czterech o\u0142tarzy, prosimy o udekorowanie trasy procesji. Prosimy dzieci I Komunijne, aby przysz\u0142y w uroczystych strojach i w\u0142\u0105czy\u0142y si\u0119 do procesji. Pr\u00f3ba dla dzieci sypi\u0105ce kwiaty odb\u0119dzie si\u0119 wcze\u015bniej o godz. 10.30. Zapraszamy przez oktaw\u0119 na procesj\u0119 eucharystyczn\u0105 wok\u00f3\u0142 ko\u015bcio\u0142a, kt\u00f3ra b\u0119dzie sprawowana po nabo\u017ce\u0144stwie czerwcowym, kt\u00f3re jest odprawiane codziennie o godz. 17.30. &nbsp;<\/p>\n\n\n\n<p class=\"wp-block-paragraph\">4. W Uroczysto\u015b\u0107 Bo\u017cego po Mszy \u015aw. o godz. 9.00 zostanie uroczy\u015bcie przeniesiony Naj\u015bwi\u0119tszy Sakrament do Kaplicy Adoracji, kt\u00f3ra zostanie otwarta. Dzi\u0119kujemy z serca wszystkim ofiarodawcom, dzi\u0119ki kt\u00f3rym mogli\u015bmy stworzy\u0107 to \u015bwi\u0119te miejsce i w\u0142a\u015bciwie wyposa\u017cy\u0107. Dzi\u0119kujemy Paniom Renacie Sta\u0144czyk z D\u0119bego Wielkiego \u00a0i Pani Joannie Kruk z Sulej\u00f3wka za napisanie obrazu ikony \u015aw. Rodziny w kt\u00f3rym b\u0119dzie przebywa\u0142 Naj\u015bwi\u0119tszy Sakrament. \u00a0Dzi\u0119kujemy Pa\u0144stwu Wandzie i Janowi Wojdygom za wykonanie, poz\u0142ocenie i ofiarowanie do kaplicy: kapsu\u0142y na Naj\u015bwi\u0119tszy Sakrament, krzy\u017cy na krat\u0119, wiecznej lampki i kinkietu, to wielki dar serca dla naszej parafii. Dzi\u0119kujemy sympatykom naszej parafii Pa\u0144stwu Magdalenie Rutkowskiej Duda i Piotrowi Duda z Gocza\u0142kowic na \u015al\u0105sku za ufundowanie ozdobnej kraty, \u0142\u0105cz\u0105cej kaplic\u0119 z ko\u015bcio\u0142em. Dzi\u0119kujemy rodzicom i dzieciom, kt\u00f3re przyst\u0105pi\u0142y do I Komunii \u015aw. za ofiar\u0119 4370z\u0142 oraz dzieciom, kt\u00f3re obchodzi\u0142y rocznice I Komunii za ofiar\u0119 310z\u0142. na \u0142awki do kaplicy adoracji. Dzi\u0119kujemy Panu Ryszardowi Piotrowiczowi i Andrzejowi Kowalczykowi za monta\u017c o\u015bwietlenia obrazu, wiecznej lampki i odnowienie kaplicy. Dzi\u0119kuj\u0119 dow\u00f3dcy Mariuszowi Bu\u0142asiowi i ca\u0142emu Plutonowi R\u00f3\u017ca\u0144cowemu za monta\u017c obrazu i ustawienie o\u0142tarza w kaplicy adoracji. \u00a0\u00a0<\/p>\n\n\n\n<p class=\"wp-block-paragraph\">5. &nbsp;W sobot\u0119 dnia 18 czerwca odb\u0119dzie si\u0119 w naszej parafii X Jubileuszowy Zjazd R\u00f3\u017c Rodzinnych naszej diecezji. Rozpocznie si\u0119 o godz. 9.00. &nbsp;wniesieniem figury M.B. Fatimskiej, nast\u0119pnie r\u00f3\u017caniec, konferencja ks. Grzegorza Sikorskiego, \u015bwiadectwo \u017cycia Pana gen. Bryg. Artura Jakubczyka. O godz. 12.00 Msza \u015aw. pod przewodnictwem Ks. Bp. Romualda Kami\u0144skiego, kt\u00f3ry dokona po\u015bwiecenia Kaplicy Adoracji. Po Mszy \u015aw. wsp\u00f3lna agapa przy domu parafialnym. Zapraszamy wszystkich parafian, cz\u0142onk\u00f3w K\u00f3\u0142 \u017bywego R\u00f3\u017ca\u0144ca i czcicieli Matki Bo\u017cej z innych wsp\u00f3lnot na to R\u00f3\u017ca\u0144cowe Spotkanie.<\/p>\n\n\n\n<p class=\"wp-block-paragraph\">6. &nbsp;Do Sakramentu Ma\u0142\u017ce\u0144stwa przygotowuj\u0105 si\u0119 nast\u0119puj\u0105ce pary: Jacek Piotr Bia\u0142ek, kawaler z parafii M.B. Bolesnej w Go\u017alinie i Karolina Szcz\u0119sna panna z parafii tutejszej, Jacek Rafa\u0142 P\u0119dowski kawaler i Justyna Sadowska panna oboje z parafii tutejszej.<\/p>\n\n\n\n<p class=\"wp-block-paragraph\">7. &nbsp;&nbsp;&nbsp;Zach\u0119camy do nabycia prasy katolickiej i pobrania gazetki \u201eLumen\u201d.<\/p>\n\n\n\n<p class=\"wp-block-paragraph\">8. Na progu do wieczno\u015bci po\u017cegnali\u015bmy: \u015ap. Wiktori\u0119 Piotrowsk\u0105, Mieczys\u0142awa Tkaczyka i Jerzego Bartnickiego. &nbsp;Wieczny odpoczynek racz im da\u0107 Panie, \u2026\u2026<\/p>\n","protected":false},"excerpt":{"rendered":"<p>1. Dzi\u0119kujemy ks. dr. Dariuszowi Czupry\u0144skiemu &#8211; orioni\u015bcie, dyrektorowi Hospicjum, za wyg\u0142oszone S\u0142owo Bo\u017ce i sprawowan\u0105 Eucharysti\u0119, oka\u017cmy swoje serce sk\u0142adaj\u0105c ofiary na pomoc ci\u0119\u017cko chorym pacjetom. 2. &nbsp;&nbsp;Jutro po Mszy \u015aw. o godz. 18.00 odb\u0119dzie si\u0119 Nabo\u017ce\u0144stwo Fatimskie. 3. &nbsp;W czwartek 16 czerwca obchodzimy Uroczysto\u015b\u0107 Bo\u017cego Cia\u0142a. Zapraszamy na Msze \u015aw. sprawowane o godz&#8230;.<\/p>\n","protected":false},"author":2,"featured_media":4908,"comment_status":"closed","ping_status":"open","sticky":false,"template":"","format":"standard","meta":{"_price":"","_stock":"","_tribe_ticket_header":"","_tribe_default_ticket_provider":"","_tribe_ticket_capacity":"0","_ticket_start_date":"","_ticket_end_date":"","_tribe_ticket_show_description":"","_tribe_ticket_show_not_going":false,"_tribe_ticket_use_global_stock":"","_tribe_ticket_global_stock_level":"","_global_stock_mode":"","_global_stock_cap":"","_tribe_rsvp_for_event":"","_tribe_ticket_going_count":"","_tribe_ticket_not_going_count":"","_tribe_tickets_list":"[]","_tribe_ticket_has_attendee_info_fields":false,"footnotes":""},"categories":[17],"tags":[],"class_list":["post-5925","post","type-post","status-publish","format-standard","has-post-thumbnail","hentry","category-ogloszenia-parafialne"],"yoast_head":"<!-- This site is optimized with the Yoast SEO plugin v28.4 - https:\/\/yoast.com\/product\/yoast-seo-wordpress\/ -->\n<title>NIEDZIELA\u00a0 NAJ\u015aWI\u0118TSZEJ TR\u00d3JCY - Parafia \u015awi\u0119tych Aposto\u0142\u00f3w Piotra i Paw\u0142a w D\u0119bem Wielkim<\/title>\n<meta name=\"robots\" content=\"index, follow, max-snippet:-1, max-image-preview:large, max-video-preview:-1\" \/>\n<link rel=\"canonical\" href=\"https:\/\/parafiadebewielkie.pl\/?p=5925\" \/>\n<meta property=\"og:locale\" content=\"pl_PL\" \/>\n<meta property=\"og:type\" content=\"article\" \/>\n<meta property=\"og:title\" content=\"NIEDZIELA\u00a0 NAJ\u015aWI\u0118TSZEJ TR\u00d3JCY - Parafia \u015awi\u0119tych Aposto\u0142\u00f3w Piotra i Paw\u0142a w D\u0119bem Wielkim\" \/>\n<meta property=\"og:description\" content=\"1. Dzi\u0119kujemy ks. dr. Dariuszowi Czupry\u0144skiemu &#8211; orioni\u015bcie, dyrektorowi Hospicjum, za wyg\u0142oszone S\u0142owo Bo\u017ce i sprawowan\u0105 Eucharysti\u0119, oka\u017cmy swoje serce sk\u0142adaj\u0105c ofiary na pomoc ci\u0119\u017cko chorym pacjetom. 2. &nbsp;&nbsp;Jutro po Mszy \u015aw. o godz. 18.00 odb\u0119dzie si\u0119 Nabo\u017ce\u0144stwo Fatimskie. 3. &nbsp;W czwartek 16 czerwca obchodzimy Uroczysto\u015b\u0107 Bo\u017cego Cia\u0142a. Zapraszamy na Msze \u015aw. sprawowane o godz....\" \/>\n<meta property=\"og:url\" content=\"https:\/\/parafiadebewielkie.pl\/?p=5925\" \/>\n<meta property=\"og:site_name\" content=\"Parafia \u015awi\u0119tych Aposto\u0142\u00f3w Piotra i Paw\u0142a w D\u0119bem Wielkim\" \/>\n<meta property=\"article:published_time\" content=\"2022-06-10T05:28:00+00:00\" \/>\n<meta property=\"article:modified_time\" content=\"2022-06-13T06:20:36+00:00\" \/>\n<meta property=\"og:image\" content=\"https:\/\/parafiadebewielkie.pl\/wp-content\/uploads\/2020\/09\/ogloszenia-parafialne.jpg\" \/>\n\t<meta property=\"og:image:width\" content=\"860\" \/>\n\t<meta property=\"og:image:height\" content=\"573\" \/>\n\t<meta property=\"og:image:type\" content=\"image\/jpeg\" \/>\n<meta name=\"author\" content=\"Maciej Pluci\u0144ski\" \/>\n<meta name=\"twitter:card\" content=\"summary_large_image\" \/>\n<meta name=\"twitter:label1\" content=\"Napisane przez\" \/>\n\t<meta name=\"twitter:data1\" content=\"Maciej Pluci\u0144ski\" \/>\n\t<meta name=\"twitter:label2\" content=\"Szacowany czas czytania\" \/>\n\t<meta name=\"twitter:data2\" content=\"3 minuty\" \/>\n<script type=\"application\/ld+json\" class=\"yoast-schema-graph\">{\"@context\":\"https:\\\/\\\/schema.org\",\"@graph\":[{\"@type\":\"Article\",\"@id\":\"https:\\\/\\\/parafiadebewielkie.pl\\\/?p=5925#article\",\"isPartOf\":{\"@id\":\"https:\\\/\\\/parafiadebewielkie.pl\\\/?p=5925\"},\"author\":{\"name\":\"Maciej Pluci\u0144ski\",\"@id\":\"https:\\\/\\\/parafiadebewielkie.pl\\\/#\\\/schema\\\/person\\\/1a1119c41c570859b9d527db6c680434\"},\"headline\":\"NIEDZIELA\u00a0 NAJ\u015aWI\u0118TSZEJ TR\u00d3JCY\",\"datePublished\":\"2022-06-10T05:28:00+00:00\",\"dateModified\":\"2022-06-13T06:20:36+00:00\",\"mainEntityOfPage\":{\"@id\":\"https:\\\/\\\/parafiadebewielkie.pl\\\/?p=5925\"},\"wordCount\":554,\"image\":{\"@id\":\"https:\\\/\\\/parafiadebewielkie.pl\\\/?p=5925#primaryimage\"},\"thumbnailUrl\":\"https:\\\/\\\/parafiadebewielkie.pl\\\/wp-content\\\/uploads\\\/2020\\\/09\\\/ogloszenia-parafialne.jpg\",\"articleSection\":[\"Og\u0142oszenia parafialne\"],\"inLanguage\":\"pl-PL\"},{\"@type\":\"WebPage\",\"@id\":\"https:\\\/\\\/parafiadebewielkie.pl\\\/?p=5925\",\"url\":\"https:\\\/\\\/parafiadebewielkie.pl\\\/?p=5925\",\"name\":\"NIEDZIELA\u00a0 NAJ\u015aWI\u0118TSZEJ TR\u00d3JCY - Parafia \u015awi\u0119tych Aposto\u0142\u00f3w Piotra i Paw\u0142a w D\u0119bem Wielkim\",\"isPartOf\":{\"@id\":\"https:\\\/\\\/parafiadebewielkie.pl\\\/#website\"},\"primaryImageOfPage\":{\"@id\":\"https:\\\/\\\/parafiadebewielkie.pl\\\/?p=5925#primaryimage\"},\"image\":{\"@id\":\"https:\\\/\\\/parafiadebewielkie.pl\\\/?p=5925#primaryimage\"},\"thumbnailUrl\":\"https:\\\/\\\/parafiadebewielkie.pl\\\/wp-content\\\/uploads\\\/2020\\\/09\\\/ogloszenia-parafialne.jpg\",\"datePublished\":\"2022-06-10T05:28:00+00:00\",\"dateModified\":\"2022-06-13T06:20:36+00:00\",\"author\":{\"@id\":\"https:\\\/\\\/parafiadebewielkie.pl\\\/#\\\/schema\\\/person\\\/1a1119c41c570859b9d527db6c680434\"},\"breadcrumb\":{\"@id\":\"https:\\\/\\\/parafiadebewielkie.pl\\\/?p=5925#breadcrumb\"},\"inLanguage\":\"pl-PL\",\"potentialAction\":[{\"@type\":\"ReadAction\",\"target\":[\"https:\\\/\\\/parafiadebewielkie.pl\\\/?p=5925\"]}]},{\"@type\":\"ImageObject\",\"inLanguage\":\"pl-PL\",\"@id\":\"https:\\\/\\\/parafiadebewielkie.pl\\\/?p=5925#primaryimage\",\"url\":\"https:\\\/\\\/parafiadebewielkie.pl\\\/wp-content\\\/uploads\\\/2020\\\/09\\\/ogloszenia-parafialne.jpg\",\"contentUrl\":\"https:\\\/\\\/parafiadebewielkie.pl\\\/wp-content\\\/uploads\\\/2020\\\/09\\\/ogloszenia-parafialne.jpg\",\"width\":860,\"height\":573},{\"@type\":\"BreadcrumbList\",\"@id\":\"https:\\\/\\\/parafiadebewielkie.pl\\\/?p=5925#breadcrumb\",\"itemListElement\":[{\"@type\":\"ListItem\",\"position\":1,\"name\":\"Home\",\"item\":\"https:\\\/\\\/parafiadebewielkie.pl\\\/\"},{\"@type\":\"ListItem\",\"position\":2,\"name\":\"NIEDZIELA\u00a0 NAJ\u015aWI\u0118TSZEJ TR\u00d3JCY\"}]},{\"@type\":\"WebSite\",\"@id\":\"https:\\\/\\\/parafiadebewielkie.pl\\\/#website\",\"url\":\"https:\\\/\\\/parafiadebewielkie.pl\\\/\",\"name\":\"Parafia \u015awi\u0119tych Aposto\u0142\u00f3w Piotra i Paw\u0142a w D\u0119bem Wielkim\",\"description\":\"\",\"potentialAction\":[{\"@type\":\"SearchAction\",\"target\":{\"@type\":\"EntryPoint\",\"urlTemplate\":\"https:\\\/\\\/parafiadebewielkie.pl\\\/?s={search_term_string}\"},\"query-input\":{\"@type\":\"PropertyValueSpecification\",\"valueRequired\":true,\"valueName\":\"search_term_string\"}}],\"inLanguage\":\"pl-PL\"},{\"@type\":\"Person\",\"@id\":\"https:\\\/\\\/parafiadebewielkie.pl\\\/#\\\/schema\\\/person\\\/1a1119c41c570859b9d527db6c680434\",\"name\":\"Maciej Pluci\u0144ski\",\"image\":{\"@type\":\"ImageObject\",\"inLanguage\":\"pl-PL\",\"@id\":\"https:\\\/\\\/secure.gravatar.com\\\/avatar\\\/f0f8c3186d5d642f6605149c102b8c2bffe017de76e9efc5eca111be80ba448d?s=96&d=mm&r=g\",\"url\":\"https:\\\/\\\/secure.gravatar.com\\\/avatar\\\/f0f8c3186d5d642f6605149c102b8c2bffe017de76e9efc5eca111be80ba448d?s=96&d=mm&r=g\",\"contentUrl\":\"https:\\\/\\\/secure.gravatar.com\\\/avatar\\\/f0f8c3186d5d642f6605149c102b8c2bffe017de76e9efc5eca111be80ba448d?s=96&d=mm&r=g\",\"caption\":\"Maciej Pluci\u0144ski\"},\"url\":\"https:\\\/\\\/parafiadebewielkie.pl\\\/?author=2\"}]}<\/script>\n<!-- \/ Yoast SEO plugin. -->","yoast_head_json":{"title":"NIEDZIELA\u00a0 NAJ\u015aWI\u0118TSZEJ TR\u00d3JCY - Parafia \u015awi\u0119tych Aposto\u0142\u00f3w Piotra i Paw\u0142a w D\u0119bem Wielkim","robots":{"index":"index","follow":"follow","max-snippet":"max-snippet:-1","max-image-preview":"max-image-preview:large","max-video-preview":"max-video-preview:-1"},"canonical":"https:\/\/parafiadebewielkie.pl\/?p=5925","og_locale":"pl_PL","og_type":"article","og_title":"NIEDZIELA\u00a0 NAJ\u015aWI\u0118TSZEJ TR\u00d3JCY - Parafia \u015awi\u0119tych Aposto\u0142\u00f3w Piotra i Paw\u0142a w D\u0119bem Wielkim","og_description":"1. Dzi\u0119kujemy ks. dr. Dariuszowi Czupry\u0144skiemu &#8211; orioni\u015bcie, dyrektorowi Hospicjum, za wyg\u0142oszone S\u0142owo Bo\u017ce i sprawowan\u0105 Eucharysti\u0119, oka\u017cmy swoje serce sk\u0142adaj\u0105c ofiary na pomoc ci\u0119\u017cko chorym pacjetom. 2. &nbsp;&nbsp;Jutro po Mszy \u015aw. o godz. 18.00 odb\u0119dzie si\u0119 Nabo\u017ce\u0144stwo Fatimskie. 3. &nbsp;W czwartek 16 czerwca obchodzimy Uroczysto\u015b\u0107 Bo\u017cego Cia\u0142a. Zapraszamy na Msze \u015aw. sprawowane o godz....","og_url":"https:\/\/parafiadebewielkie.pl\/?p=5925","og_site_name":"Parafia \u015awi\u0119tych Aposto\u0142\u00f3w Piotra i Paw\u0142a w D\u0119bem Wielkim","article_published_time":"2022-06-10T05:28:00+00:00","article_modified_time":"2022-06-13T06:20:36+00:00","og_image":[{"width":860,"height":573,"url":"https:\/\/parafiadebewielkie.pl\/wp-content\/uploads\/2020\/09\/ogloszenia-parafialne.jpg","type":"image\/jpeg"}],"author":"Maciej Pluci\u0144ski","twitter_card":"summary_large_image","twitter_misc":{"Napisane przez":"Maciej Pluci\u0144ski","Szacowany czas czytania":"3 minuty"},"schema":{"@context":"https:\/\/schema.org","@graph":[{"@type":"Article","@id":"https:\/\/parafiadebewielkie.pl\/?p=5925#article","isPartOf":{"@id":"https:\/\/parafiadebewielkie.pl\/?p=5925"},"author":{"name":"Maciej Pluci\u0144ski","@id":"https:\/\/parafiadebewielkie.pl\/#\/schema\/person\/1a1119c41c570859b9d527db6c680434"},"headline":"NIEDZIELA\u00a0 NAJ\u015aWI\u0118TSZEJ TR\u00d3JCY","datePublished":"2022-06-10T05:28:00+00:00","dateModified":"2022-06-13T06:20:36+00:00","mainEntityOfPage":{"@id":"https:\/\/parafiadebewielkie.pl\/?p=5925"},"wordCount":554,"image":{"@id":"https:\/\/parafiadebewielkie.pl\/?p=5925#primaryimage"},"thumbnailUrl":"https:\/\/parafiadebewielkie.pl\/wp-content\/uploads\/2020\/09\/ogloszenia-parafialne.jpg","articleSection":["Og\u0142oszenia parafialne"],"inLanguage":"pl-PL"},{"@type":"WebPage","@id":"https:\/\/parafiadebewielkie.pl\/?p=5925","url":"https:\/\/parafiadebewielkie.pl\/?p=5925","name":"NIEDZIELA\u00a0 NAJ\u015aWI\u0118TSZEJ TR\u00d3JCY - Parafia \u015awi\u0119tych Aposto\u0142\u00f3w Piotra i Paw\u0142a w D\u0119bem Wielkim","isPartOf":{"@id":"https:\/\/parafiadebewielkie.pl\/#website"},"primaryImageOfPage":{"@id":"https:\/\/parafiadebewielkie.pl\/?p=5925#primaryimage"},"image":{"@id":"https:\/\/parafiadebewielkie.pl\/?p=5925#primaryimage"},"thumbnailUrl":"https:\/\/parafiadebewielkie.pl\/wp-content\/uploads\/2020\/09\/ogloszenia-parafialne.jpg","datePublished":"2022-06-10T05:28:00+00:00","dateModified":"2022-06-13T06:20:36+00:00","author":{"@id":"https:\/\/parafiadebewielkie.pl\/#\/schema\/person\/1a1119c41c570859b9d527db6c680434"},"breadcrumb":{"@id":"https:\/\/parafiadebewielkie.pl\/?p=5925#breadcrumb"},"inLanguage":"pl-PL","potentialAction":[{"@type":"ReadAction","target":["https:\/\/parafiadebewielkie.pl\/?p=5925"]}]},{"@type":"ImageObject","inLanguage":"pl-PL","@id":"https:\/\/parafiadebewielkie.pl\/?p=5925#primaryimage","url":"https:\/\/parafiadebewielkie.pl\/wp-content\/uploads\/2020\/09\/ogloszenia-parafialne.jpg","contentUrl":"https:\/\/parafiadebewielkie.pl\/wp-content\/uploads\/2020\/09\/ogloszenia-parafialne.jpg","width":860,"height":573},{"@type":"BreadcrumbList","@id":"https:\/\/parafiadebewielkie.pl\/?p=5925#breadcrumb","itemListElement":[{"@type":"ListItem","position":1,"name":"Home","item":"https:\/\/parafiadebewielkie.pl\/"},{"@type":"ListItem","position":2,"name":"NIEDZIELA\u00a0 NAJ\u015aWI\u0118TSZEJ TR\u00d3JCY"}]},{"@type":"WebSite","@id":"https:\/\/parafiadebewielkie.pl\/#website","url":"https:\/\/parafiadebewielkie.pl\/","name":"Parafia \u015awi\u0119tych Aposto\u0142\u00f3w Piotra i Paw\u0142a w D\u0119bem Wielkim","description":"","potentialAction":[{"@type":"SearchAction","target":{"@type":"EntryPoint","urlTemplate":"https:\/\/parafiadebewielkie.pl\/?s={search_term_string}"},"query-input":{"@type":"PropertyValueSpecification","valueRequired":true,"valueName":"search_term_string"}}],"inLanguage":"pl-PL"},{"@type":"Person","@id":"https:\/\/parafiadebewielkie.pl\/#\/schema\/person\/1a1119c41c570859b9d527db6c680434","name":"Maciej Pluci\u0144ski","image":{"@type":"ImageObject","inLanguage":"pl-PL","@id":"https:\/\/secure.gravatar.com\/avatar\/f0f8c3186d5d642f6605149c102b8c2bffe017de76e9efc5eca111be80ba448d?s=96&d=mm&r=g","url":"https:\/\/secure.gravatar.com\/avatar\/f0f8c3186d5d642f6605149c102b8c2bffe017de76e9efc5eca111be80ba448d?s=96&d=mm&r=g","contentUrl":"https:\/\/secure.gravatar.com\/avatar\/f0f8c3186d5d642f6605149c102b8c2bffe017de76e9efc5eca111be80ba448d?s=96&d=mm&r=g","caption":"Maciej Pluci\u0144ski"},"url":"https:\/\/parafiadebewielkie.pl\/?author=2"}]}},"_links":{"self":[{"href":"https:\/\/parafiadebewielkie.pl\/index.php?rest_route=\/wp\/v2\/posts\/5925","targetHints":{"allow":["GET"]}}],"collection":[{"href":"https:\/\/parafiadebewielkie.pl\/index.php?rest_route=\/wp\/v2\/posts"}],"about":[{"href":"https:\/\/parafiadebewielkie.pl\/index.php?rest_route=\/wp\/v2\/types\/post"}],"author":[{"embeddable":true,"href":"https:\/\/parafiadebewielkie.pl\/index.php?rest_route=\/wp\/v2\/users\/2"}],"replies":[{"embeddable":true,"href":"https:\/\/parafiadebewielkie.pl\/index.php?rest_route=%2Fwp%2Fv2%2Fcomments&post=5925"}],"version-history":[{"count":2,"href":"https:\/\/parafiadebewielkie.pl\/index.php?rest_route=\/wp\/v2\/posts\/5925\/revisions"}],"predecessor-version":[{"id":5927,"href":"https:\/\/parafiadebewielkie.pl\/index.php?rest_route=\/wp\/v2\/posts\/5925\/revisions\/5927"}],"wp:featuredmedia":[{"embeddable":true,"href":"https:\/\/parafiadebewielkie.pl\/index.php?rest_route=\/wp\/v2\/media\/4908"}],"wp:attachment":[{"href":"https:\/\/parafiadebewielkie.pl\/index.php?rest_route=%2Fwp%2Fv2%2Fmedia&parent=5925"}],"wp:term":[{"taxonomy":"category","embeddable":true,"href":"https:\/\/parafiadebewielkie.pl\/index.php?rest_route=%2Fwp%2Fv2%2Fcategories&post=5925"},{"taxonomy":"post_tag","embeddable":true,"href":"https:\/\/parafiadebewielkie.pl\/index.php?rest_route=%2Fwp%2Fv2%2Ftags&post=5925"}],"curies":[{"name":"wp","href":"https:\/\/api.w.org\/{rel}","templated":true}]}}